{"id":1072,"date":"2015-11-24T16:43:21","date_gmt":"2015-11-24T15:43:21","guid":{"rendered":"https:\/\/www.iim.cz\/?p=1072"},"modified":"2015-11-24T16:48:53","modified_gmt":"2015-11-24T15:48:53","slug":"slavnostni-rozsviceni-petree","status":"publish","type":"post","link":"https:\/\/www.iim.cz\/cs\/slavnostni-rozsviceni-petree\/","title":{"rendered":"Slavnostn\u00ed rozsv\u00edcen\u00ed PETree"},"content":{"rendered":"<p>Zveme v\u0161echny na\u0161e p\u0159\u00e1tele 1. prosince od 18.00 p\u0159ed N\u00e1rodn\u00ed technickou knihovnu na slavnostn\u00ed rozsv\u00edcen\u00ed PETree.<\/p>\n<p>PETree je objekt sest\u00e1v\u00e1j\u00edc\u00ed z pletiva, lanek a 12 000 PET lahv\u00ed, kter\u00e9 tvo\u0159\u00ed nosnou vrstvu a zn\u00e1zor\u0148uj\u00ed produkci \u010cR b\u011bhem n\u011bkolika minut. Jedn\u00e1 se o v\u00fdstavn\u00ed prostor v podob\u011b v\u00e1no\u010dn\u00edho stromu, kter\u00fd m\u00e1 upozornit na v\u00fdznam plastu, jeho vyu\u017eit\u00ed a jeho recyklace. Obaly od potravin tvo\u0159\u00ed 40% ve\u0161ker\u00e9ho plastov\u00e9ho odpadu, kde vliv na jeho <span class=\"text_exposed_show\">vznik, sb\u011br a op\u011btovn\u00e9 vyu\u017eit\u00ed maj\u00ed p\u0159edev\u0161\u00edm spot\u0159ebitel\u00e9, a to jsme my v\u0161ichni.<\/span><\/p>\n<p>V \u010cR skon\u010d\u00ed ro\u010dn\u011b na skl\u00e1dce plast za 5,5 miliardy korun. Recyklace plast\u016f m\u00e1 sv\u00e9 ekonomick\u00e9 i ekologick\u00e9 pozad\u00ed, kde p\u0159i zodpov\u011bdn\u00e9m chov\u00e1n\u00ed u\u017eivatel\u016f jde o materi\u00e1l \u0161etrn\u00fd k \u017eivotn\u00edmu prost\u0159ed\u00ed i ekonomicky udr\u017eiteln\u00fd. Poj\u010fme se st\u00e1t bohatou evropskou zem\u00ed! V\u00fdznamnou roli hraje ur\u010den\u00ed momentu, kdy se plast st\u00e1v\u00e1 odpadem. Na prvn\u00edm m\u00edst\u011b je st\u00e1le z\u00e1sada, \u017ee nejv\u00fdhodn\u011bj\u0161\u00ed je odpad, kter\u00fd v\u016fbec nevznik\u00e1. Po n\u00ed n\u00e1sleduje op\u011btovn\u00e9 pou\u017eit\u00ed, d\u00e1le recyklace a a\u017e nakonec energetick\u00e9 vyu\u017eit\u00ed. V roce 2020 by m\u011bly b\u00fdt v EU zaveden\u00e9 p\u0159edpisy o nakl\u00e1d\u00e1n\u00ed se v\u0161emi duhy odpad\u016f, kter\u00e9 by znamenaly ro\u010dn\u00ed \u00fasporu v des\u00edtk\u00e1ch miliard Eur. Sou\u010dasn\u00fd obrat odpadov\u00e9ho hospod\u00e1\u0159stv\u00ed tvo\u0159\u00ed 1%HDP EU a zam\u011bstn\u00e1v\u00e1 2 miliony lid\u00ed.<\/p>\n<p>V roce 2024 by m\u011bl v EU platit z\u00e1kaz skl\u00e1dkov\u00e1n\u00ed vyu\u017eiteln\u00fdch odpad\u016f.<\/p>\n<div class=\"text_exposed_show\">\n<p>Na projektu spolupracuj\u00ed t\u0159i fakulty \u010cVUT, sponzor KMV a jednotliv\u00ed lid\u00e9:<\/p>\n<p>Fakulta architektury \u010cVUT zastoupena kabinetem MOLAB a PET-MATem 12 z\u00e1kladn\u00edch a st\u0159edn\u00edch \u0161kol a gymn\u00e1zi\u00ed v Praze a St\u0159edo\u010desk\u00e9m kraji<\/p>\n<p>Fakulta elektrotechnick\u00e1 \u010cVUT zastoupena Institutem interm\u00e9di\u00ed<\/p>\n<p>Fakulta stavebn\u00ed<\/p>\n<p>NTK &#8211; N\u00e1rodn\u00ed Technick\u00e1 Knihovna Praha<\/p>\n<p>Jarou\u0161 Je\u0159\u00e1bek &#8211; p\u00edsek<\/p>\n<p>Ji\u0159\u00ed Fenc\u00edk &#8211; pracovn\u00ed plo\u0161ina<\/p>\n<p>Pan Rudovsk\u00fd &#8211; sv\u00e1\u0159en\u00ed, Vladim\u00edr Tysl a dal\u0161\u00ed.<\/p>\n<p>spole\u010dnost KMV a. s.<a href=\"https:\/\/www.iim.cz\/wp-content\/uploads\/2015\/11\/pet-tree-1.jpg\"><img decoding=\"async\" class=\"alignnone\" src=\"https:\/\/www.iim.cz\/wp-content\/uploads\/2015\/11\/pet-tree-1-350x133.jpg\" alt=\"pet tree 1\" \/><\/a> <a href=\"https:\/\/www.iim.cz\/wp-content\/uploads\/2015\/11\/pet-tree-2.jpg\"><img decoding=\"async\" class=\"alignnone\" src=\"https:\/\/www.iim.cz\/wp-content\/uploads\/2015\/11\/pet-tree-2-350x262.jpg\" alt=\"pet tree 2\" \/><\/a> <a href=\"https:\/\/www.iim.cz\/wp-content\/uploads\/2015\/11\/pet-tree-3.jpg\"><img decoding=\"async\" class=\"alignnone\" src=\"https:\/\/www.iim.cz\/wp-content\/uploads\/2015\/11\/pet-tree-3-350x233.jpg\" alt=\"pet tree 3\" \/><\/a><\/p>\n<\/div>\n<p><\/p>","protected":false},"excerpt":{"rendered":"<p>Zveme v\u0161echny na\u0161e p\u0159\u00e1tele 1. prosince od 18.00 p\u0159ed N\u00e1rodn\u00ed technickou knihovnu na slavnostn\u00ed rozsv\u00edcen\u00ed PETree. PETree je objekt sest\u00e1v\u00e1j\u00edc\u00ed z pletiva, lanek a 12 000 PET lahv\u00ed, kter\u00e9 tvo\u0159\u00ed nosnou vrstvu a zn\u00e1zor\u0148uj\u00ed produkci \u010cR b\u011bhem n\u011bkolika minut. Jedn\u00e1 se o v\u00fdstavn\u00ed prostor v podob\u011b v\u00e1no\u010dn\u00edho stromu, kter\u00fd m\u00e1 upozornit na v\u00fdznam plastu, jeho [&hellip;]<\/p>\n","protected":false},"author":4,"featured_media":1073,"comment_status":"closed","ping_status":"open","sticky":false,"template":"","format":"standard","meta":{"footnotes":""},"categories":[1,11],"tags":[],"class_list":["post-1072","post","type-post","status-publish","format-standard","has-post-thumbnail","hentry","category-news","category-projects"],"_links":{"self":[{"href":"https:\/\/www.iim.cz\/cs\/wp-json\/wp\/v2\/posts\/1072","targetHints":{"allow":["GET"]}}],"collection":[{"href":"https:\/\/www.iim.cz\/cs\/wp-json\/wp\/v2\/posts"}],"about":[{"href":"https:\/\/www.iim.cz\/cs\/wp-json\/wp\/v2\/types\/post"}],"author":[{"embeddable":true,"href":"https:\/\/www.iim.cz\/cs\/wp-json\/wp\/v2\/users\/4"}],"replies":[{"embeddable":true,"href":"https:\/\/www.iim.cz\/cs\/wp-json\/wp\/v2\/comments?post=1072"}],"version-history":[{"count":10,"href":"https:\/\/www.iim.cz\/cs\/wp-json\/wp\/v2\/posts\/1072\/revisions"}],"predecessor-version":[{"id":1085,"href":"https:\/\/www.iim.cz\/cs\/wp-json\/wp\/v2\/posts\/1072\/revisions\/1085"}],"wp:featuredmedia":[{"embeddable":true,"href":"https:\/\/www.iim.cz\/cs\/wp-json\/wp\/v2\/media\/1073"}],"wp:attachment":[{"href":"https:\/\/www.iim.cz\/cs\/wp-json\/wp\/v2\/media?parent=1072"}],"wp:term":[{"taxonomy":"category","embeddable":true,"href":"https:\/\/www.iim.cz\/cs\/wp-json\/wp\/v2\/categories?post=1072"},{"taxonomy":"post_tag","embeddable":true,"href":"https:\/\/www.iim.cz\/cs\/wp-json\/wp\/v2\/tags?post=1072"}],"curies":[{"name":"wp","href":"https:\/\/api.w.org\/{rel}","templated":true}]}}