{"id":1112,"date":"2016-02-15T17:42:31","date_gmt":"2016-02-15T16:42:31","guid":{"rendered":"https:\/\/www.iim.cz\/?p=1112"},"modified":"2016-02-15T17:42:31","modified_gmt":"2016-02-15T16:42:31","slug":"rozsviceni-interaktivni-fasady-fel-cvut","status":"publish","type":"post","link":"https:\/\/www.iim.cz\/cs\/rozsviceni-interaktivni-fasady-fel-cvut\/","title":{"rendered":"Rozsv\u00edcen\u00ed interaktivn\u00ed fas\u00e1dy FEL \u010cVUT"},"content":{"rendered":"<p><a href=\"https:\/\/www.iim.cz\/wp-content\/uploads\/2016\/02\/POZVANKA_ROZSVICENI-FASADY-2016.jpg\"><img loading=\"lazy\" decoding=\"async\" class=\"alignnone\" src=\"https:\/\/www.iim.cz\/wp-content\/uploads\/2016\/02\/POZVANKA_ROZSVICENI-FASADY-2016-350x167.jpg\" alt=\"Linky pozv\u00e1nka\" width=\"456\" height=\"218\" \/><\/a><\/p>\n<p>Kolegov\u00e9, studenti, sousedi, p\u0159\u00e1tel\u00e9,<\/p>\n<p>zveme na zah\u00e1jen\u00ed provozu interaktivn\u00ed fas\u00e1dy budovy FEL \u010cVUT. \u00a0 \u00a0 \u00a0 <strong>25.2. v 18:00 p\u0159ed ji\u017en\u00ed fas\u00e1dou budovy FEL \u010cVUT.<\/strong><\/p>\n<p>Budovy vysok\u00fdch technick\u00fdch \u0161kol vytv\u00e1\u0159ej\u00ed necht\u011bn\u00e9 dominanty nikdy nedokon\u010den\u00e9ho Engelova urbanistick\u00e9ho velkolep\u00e9ho celku V\u00edt\u011bzn\u00e9ho n\u00e1m\u011bst\u00ed. To z\u016fst\u00e1v\u00e1, stejn\u011b jako n\u00e1m\u011bst\u00ed Starom\u011bstsk\u00e9 v centru Prahy, dnes ji\u017e ve\u0159ejnost\u00ed bohu\u017eel nevn\u00edmanou p\u0159ipom\u00ednkou nedokon\u010den\u00fdch \u010di ve druh\u00e9m p\u0159\u00edpad\u011b p\u0159eru\u0161en\u00fdch z\u00e1sadn\u00edch m\u011bstotvorn\u00fdch koncept\u016f, jejich\u017e neexistence Prahu sv\u00fdm zp\u016fsobem vizu\u00e1ln\u011b i funk\u010dn\u011b po\u0161kozuje.<\/p>\n<p>Sv\u011bteln\u00e1 instalace na ji\u017en\u00ed fas\u00e1d\u011b budovy Fakulty elektrotechnick\u00e9 tak m\u00e1 zcela z\u00e1sadn\u00ed roli \u2013 v prvn\u00edm pl\u00e1nu sv\u00e9 existence vytv\u00e1\u0159\u00ed mo\u017enost zcela nov\u00e9ho dialogu zde se pohybuj\u00edc\u00edch obyvatel a n\u00e1v\u0161t\u011bvn\u00edk\u016f m\u011bsta se st\u00e1vaj\u00edc\u00ed architekturou budovy (p\u0159ipus\u0165me\u00a0i sv\u00fdm zp\u016fsobem zviditeln\u011bn\u00ed cel\u00e9ho komplexu staveb)\u00a0a v citov\u00e9 oblasti vypl\u0148uje polohu opu\u0161t\u011bn\u00e9ho m\u00edsta bez energie a bez obsahu.<\/p>\n<p>Projekt LINKY by m\u011bl v budoucnosti slou\u017eit p\u0159edev\u0161\u00edm jako \u017eiv\u00fd interaktivn\u00ed n\u00e1stroj pro vizualizace libovoln\u00fdch proces\u016f. Paraleln\u011b s rozsv\u00edcen\u00edm fas\u00e1dy se do provozu uvedou webov\u00e9 str\u00e1nky www.linky.fel.cvut.cz, kter\u00e9 sv\u00fdm n\u00e1v\u0161t\u011bvn\u00edk\u016fm nab\u00eddnou tv\u016fr\u010d\u00ed zapojen\u00ed do projektu prost\u0159ednictv\u00edm interaktivn\u00edch mobiln\u00edch aplikac\u00ed, kter\u00e9 budou na webu\u00a0k dispozici a pomoc\u00ed nich\u017e budou moci n\u00e1v\u0161t\u011bvn\u00edci fas\u00e1du sami ovl\u00e1dat.\u00a0 C\u00edlem projektu je tak vytvo\u0159en\u00ed sd\u00edlen\u00e9ho multimedi\u00e1ln\u00edho h\u0159i\u0161t\u011b, kter\u00e9 m\u016f\u017ee slou\u017eit nap\u0159\u00edklad jako v\u00fdukov\u00fd materi\u00e1l nebo v\u00edkendov\u00e1 z\u00e1bava.<\/p>\n<p>A brzy se dozv\u00edte je\u0161t\u011b v\u00edce&#8230;<\/p>\n<p>&nbsp;<\/p>","protected":false},"excerpt":{"rendered":"<p>Kolegov\u00e9, studenti, sousedi, p\u0159\u00e1tel\u00e9, zveme na zah\u00e1jen\u00ed provozu interaktivn\u00ed fas\u00e1dy budovy FEL \u010cVUT. \u00a0 \u00a0 \u00a0 25.2. v 18:00 p\u0159ed ji\u017en\u00ed fas\u00e1dou budovy FEL \u010cVUT. Budovy vysok\u00fdch technick\u00fdch \u0161kol vytv\u00e1\u0159ej\u00ed necht\u011bn\u00e9 dominanty nikdy nedokon\u010den\u00e9ho Engelova urbanistick\u00e9ho velkolep\u00e9ho celku V\u00edt\u011bzn\u00e9ho n\u00e1m\u011bst\u00ed. To z\u016fst\u00e1v\u00e1, stejn\u011b jako n\u00e1m\u011bst\u00ed Starom\u011bstsk\u00e9 v centru Prahy, dnes ji\u017e ve\u0159ejnost\u00ed bohu\u017eel nevn\u00edmanou p\u0159ipom\u00ednkou [&hellip;]<\/p>\n","protected":false},"author":7,"featured_media":1113,"comment_status":"closed","ping_status":"open","sticky":false,"template":"","format":"standard","meta":{"footnotes":""},"categories":[1,11],"tags":[],"class_list":["post-1112","post","type-post","status-publish","format-standard","has-post-thumbnail","hentry","category-news","category-projects"],"_links":{"self":[{"href":"https:\/\/www.iim.cz\/cs\/wp-json\/wp\/v2\/posts\/1112","targetHints":{"allow":["GET"]}}],"collection":[{"href":"https:\/\/www.iim.cz\/cs\/wp-json\/wp\/v2\/posts"}],"about":[{"href":"https:\/\/www.iim.cz\/cs\/wp-json\/wp\/v2\/types\/post"}],"author":[{"embeddable":true,"href":"https:\/\/www.iim.cz\/cs\/wp-json\/wp\/v2\/users\/7"}],"replies":[{"embeddable":true,"href":"https:\/\/www.iim.cz\/cs\/wp-json\/wp\/v2\/comments?post=1112"}],"version-history":[{"count":2,"href":"https:\/\/www.iim.cz\/cs\/wp-json\/wp\/v2\/posts\/1112\/revisions"}],"predecessor-version":[{"id":1115,"href":"https:\/\/www.iim.cz\/cs\/wp-json\/wp\/v2\/posts\/1112\/revisions\/1115"}],"wp:featuredmedia":[{"embeddable":true,"href":"https:\/\/www.iim.cz\/cs\/wp-json\/wp\/v2\/media\/1113"}],"wp:attachment":[{"href":"https:\/\/www.iim.cz\/cs\/wp-json\/wp\/v2\/media?parent=1112"}],"wp:term":[{"taxonomy":"category","embeddable":true,"href":"https:\/\/www.iim.cz\/cs\/wp-json\/wp\/v2\/categories?post=1112"},{"taxonomy":"post_tag","embeddable":true,"href":"https:\/\/www.iim.cz\/cs\/wp-json\/wp\/v2\/tags?post=1112"}],"curies":[{"name":"wp","href":"https:\/\/api.w.org\/{rel}","templated":true}]}}