{"id":1206,"date":"2016-07-11T12:46:58","date_gmt":"2016-07-11T11:46:58","guid":{"rendered":"https:\/\/www.iim.cz\/?p=1206"},"modified":"2016-07-25T14:35:22","modified_gmt":"2016-07-25T13:35:22","slug":"socha-diany-memento","status":"publish","type":"post","link":"https:\/\/www.iim.cz\/cs\/socha-diany-memento\/","title":{"rendered":"Socha Diany &#8211; Memento"},"content":{"rendered":"<p><strong><em>Zam\u011bstnanci IIM spou\u0161t\u011bj\u00ed p\u0159\u00edpravy projektu sv\u011bteln\u00e9 sochy bohyn\u011b Diany v Letensk\u00fdch sadech.\u00a0<\/em><\/strong><\/p>\n<p>Bronzov\u00e1 plastika na mramorov\u00e9m soklu socha\u0159e Franti\u0161ka Rouse z roku 1916 byla kr\u00e1sn\u00fdm, malebn\u00fdm zakon\u010den\u00edm aleje a dod\u00e1vala tomuto komunitn\u00edmu m\u00edstu kouzlo a p\u0159\u00edjemnou atmosf\u00e9ru. Letos je tomu pr\u00e1v\u011b sto let, kdy byla socha realizov\u00e1na. Po roce 1990 ale byla ukradena. Na po\u010dest leto\u0161n\u00edho v\u00fdro\u010d\u00ed dokon\u010den\u00ed sochy a jako p\u0159ipom\u00ednku zmizel\u00e9 kr\u00e1sy p\u0159ekl\u00e1d\u00e1m projekt pocty tomuto d\u00edlu a jeho autorovi. Z\u00e1rove\u0148 jde o vzpom\u00ednku ur\u010denou v\u0161em lok\u00e1ln\u00edm patriot\u016fm, pam\u011btn\u00edk\u016fm i mlad\u00e9 generaci. A \u010d\u00e1ste\u010dn\u011b o apel na p\u0159\u00edpadn\u00e9 \u201csb\u011bratele\u201d, kte\u0159\u00ed sv\u00fdm sobectv\u00edm ochuzuj\u00ed ostatn\u00ed o lib\u00e9 z\u00e1\u017eitky a sv\u011bt o zaj\u00edmav\u00e1 d\u00edla.<\/p>\n<p><strong>Nov\u00e1 socha<\/strong> \u2013 memento bude tvarem a velikost\u00ed velmi p\u0159ipom\u00ednat sochu p\u016fvodn\u00ed a pam\u011btn\u00edci ji v jej\u00edm nov\u00e9m tvaru zcela ur\u010dit\u011b poznaj\u00ed. Zpracov\u00e1n\u00ed bude nov\u00e9. Nov\u00e9 materi\u00e1ly &#8211; lamin\u00e1t a nov\u00e9 prvky \u2013 vnit\u0159n\u00ed sv\u011btlo nap\u00e1jen\u00e9 zdrojem z bl\u00edzk\u00e9ho osv\u011btlen\u00ed. Socha bude p\u016fsobit jako ta p\u016fvodn\u00ed, ale zahalen\u00e1 jakoby do obalu a v no\u010dn\u00edm \u010dase lehce sv\u011bt\u00e9lkuj\u00edc\u00ed. Bludi\u010dka p\u0159ipom\u00ednaj\u00edc\u00ed zmizel\u00e9 d\u00edlo a sama pom\u00edjiv\u00e1 jako sv\u011btlo. V\u017edy za soumraku se rozsv\u00edt\u00ed a s p\u016flnoc\u00ed zhasne.<br \/>\n<strong>Postup pr\u00e1ce<\/strong><\/p>\n<p>Vytvo\u0159ili jsme model v m\u011b\u0159\u00edtku 1:5 a vyzkou\u0161eli barevn\u00e9 varianty v kombinaci s r\u016fzn\u00fdmi druhy osv\u011btlen\u00ed. Nyn\u00ed jsme p\u0159ipraveni realizovat sochu, jej\u00ed\u017e v\u00fd\u0161ka bude 2,5 metru a odpov\u00edd\u00e1 velikosti p\u016fvodn\u00edho souso\u0161\u00ed. To zahrnuje v\u00fdrobu plastiky z polystyrenu a s\u00e1dry a vytvo\u0159en\u00ed silikonov\u00e9 formy. Pot\u00e9 se zhotov\u00ed fin\u00e1ln\u00ed odlitek z polyesterov\u00e9 prysky\u0159ice s p\u0159\u00edm\u011bs\u00ed barev a fosforeskuj\u00edc\u00edch pigment\u016f, kter\u00fd je pot\u0159eba zretu\u0161ovat a povrchov\u00e9 upravit. N\u00e1sledn\u011b budeme sochu p\u0159ev\u00e1\u017eet a usazovat na p\u0159edem p\u0159ipraven\u00e9 m\u00edsto.<br \/>\nSv\u011bteln\u00e1 socha Diany bude v parku p\u0159ibli\u017en\u011b ve stejn\u00e9 dob\u011b, kdy v Praze bude prob\u00edhat festival Signal 2016. <strong>Slavnostn\u00ed odhalen\u00ed a rozsv\u00edcen\u00ed sochy se bude konat 12. 10. 2016<\/strong>, akce bude ukon\u010dena 4. 11. 2016. Informace o v\u00fdvoji situace bude mo\u017en\u00e9 pr\u016fb\u011b\u017en\u011b naj\u00edt na speci\u00e1ln\u00ed facebookov\u00e9 str\u00e1nce, kter\u00e1 bude n\u00e1v\u0161t\u011bvn\u00edky informovat o vzniku sochy, cel\u00e9 ud\u00e1losti a pohnut\u00e9 historii p\u016fvodn\u00edho origin\u00e1lu.<\/p>\n<p><strong>Auto\u0159i :<\/strong><\/p>\n<p><strong><em>Lucie Svobodov\u00e1<\/em><\/strong><\/p>\n<p>je v\u00fdznamn\u00e1 \u010desk\u00e1 vizu\u00e1ln\u00ed um\u011blkyn\u011b. Narodila se v Praze 7 na Letn\u00e9, kde dosud \u017eije a pracuje. Absolvovala V\u0160UP v Praze. Vystavuje ka\u017ed\u00fd rok v presti\u017en\u00edch galeri\u00edch (celkem des\u00edtky v\u00fdstav), je zastoupen\u00e1 ve v\u00fdznamn\u00fdch ve\u0159ejn\u00fdch instituc\u00edch (NG Praha, GHMP v Praze a dal\u0161\u00edch). Z nejd\u016fle\u017eit\u011bj\u0161\u00edch realizac\u00ed a v\u00fdstav: Entermultimediale Pra\u017esk\u00fd hrad, EXPO 2010, \u0160anghaj, \u010c\u00edna, Open call Muzeum um\u011bn\u00ed Olomouc 2013, Maxwellova rovnice, Intervence do st\u00e1l\u00e9 expozice \u010cesk\u00e1 moderna II, Veletr\u017en\u00ed pal\u00e1c, N\u00e1rodn\u00ed galerie Praha 2014 \u2013 2015. P\u0159edn\u00e1\u0161\u00ed a vyu\u010duje na Vysok\u00fdch \u0161kol\u00e1ch (FAMU, FaVU Brno, V\u0160UP Praha a od 2008 v Institutu interm\u00e9di\u00ed na \u010cVUT Praha). Publikovala v \u0159ad\u011b tiskovin, v kataloz\u00edch a dal\u0161\u00edch m\u00e9di\u00edch. Jako ohlas na jej\u00ed tvorbu vy\u0161la \u0159ada recenz\u00ed, \u010dl\u00e1nk\u016f, rozhovor\u016f, obs\u00e1hl\u00e1 monografie s n\u00e1zvem Hyperporyv v nakladatelstv\u00ed Arbor vitae (2006, 224 str.), katalog k v\u00fdstav\u011b v N\u00e1rodn\u00ed galerii (2014).<\/p>\n<p>Vizu\u00e1ln\u00ed podobu vtiskla plastice socha\u0159ka:<\/p>\n<p><strong><em>Petra Vlachynsk\u00e1<\/em><\/strong><\/p>\n<p>Studovala na fakult\u011b architektury \u010cVUT a socha\u0159stv\u00ed na Vysok\u00e9 \u0161kole um\u011bleckopr\u016fmyslov\u00e9 v Praze u profesora Kurta Gebauera. Absolvovala ro\u010dn\u00ed st\u00e1\u017e v Pa\u0159\u00ed\u017ei na Ecole d\u00b4architecture Val de Seine a na AVU v ateli\u00e9ru figur\u00e1ln\u00edho socha\u0159stv\u00ed u profesora Jana Hendrycha. Od roku 2013 studuje na fakult\u011b architektury \u010cVUT v doktorsk\u00e9m programu se zam\u011b\u0159en\u00edm na vztah sochy a ve\u0159ejn\u00e9ho prostoru. Spolupracovala nap\u0159. s Muzeem Brn\u011bnska, festivalem Echofluxx, festivalem 4+4 Dny v pohybu \u010di Galeri\u00ed Jaroslava Fr\u00e1gnera. Jej\u00ed tvorba je zalo\u017een\u00e1 na dlouhodob\u00e9m a d\u016fsledn\u00e9m z\u00e1jmu o figur\u00e1ln\u00ed socha\u0159stv\u00ed.<\/p>\n<p>Na plastice spolupracuje sv\u011bteln\u00fd design\u00e9r:<\/p>\n<p><strong><em>Jakub Hybler<\/em><\/strong><\/p>\n<p>Vystudoval syst\u00e9mov\u00e9 in\u017een\u00fdrstv\u00ed na provozn\u011b ekonomick\u00e9 fakult\u011b \u010cZU. Spoluzakladatel Institutu sv\u011bteln\u00e9ho designu (ISD).Pracuj\u00edce pro \u0159adu divadeln\u00edch projekt\u016f v \u010cesk\u00e9 republice a v zahrani\u010d\u00ed. Sv\u00e9bytn\u00fd um\u011blec a vyn\u00e1lezce, schopn\u00fd sd\u00edlet znalosti a sv\u016fj talent s lidmi, prost\u0159ednictv\u00edm workshop\u016f v oblasti physical computingu a sv\u011bteln\u00e9ho designu.Je jedn\u00edm ze zakl\u00e1daj\u00edc\u00edch \u010dlen\u016f skupiny Handa Gote Research &amp; Development.Jako syst\u00e9mov\u00fd design\u00e9r a v\u00fdvoj\u00e1\u0159 se pod\u00edl\u00ed na technick\u00fdch n\u00e1vrz\u00edch pro evropsk\u00e9 um\u011blce. Dohl\u00ed\u017e\u00ed na spln\u011bn\u00ed technick\u00fdch po\u017eadavk\u016f studentsk\u00fdch i hostuj\u00edc\u00edch akc\u00ed.Spolupracoval s r\u016fzn\u00fdmi um\u011blci, nap\u0159. Alfred ve dvo\u0159e, Divadlo Continuo, Krepsko, LightLab, MamaPapa, PQ. Pod\u00edlel se rovn\u011b\u017e na n\u011bkolika tane\u010dn\u00edch a choreografick\u00fdch projektech, kter\u00e9 vznikaly v IIM. Jakub vyu\u010duje na FEL \u010cVUT, kde p\u016fvodn\u011b studoval radiotechniku a v\u00fdpo\u010detn\u00ed techniku.<\/p>\n<p><strong><em>Adam Sporka<\/em><\/strong><\/p>\n<p>Adam je tv\u016frce a in\u017een\u00fdr interaktivn\u00edho zvukov\u00e9ho materi\u00e1lu a hudby pro po\u010d\u00edta\u010dov\u00e9 hry, intermedi\u00e1ln\u00ed projekty a videomapingy. Zab\u00fdv\u00e1 se \u0159adou hudebn\u00edch \u017e\u00e1nr\u016f a sm\u011br\u016f, od hudby osmibitov\u00e9 a\u017e po hudbu orchestr\u00e1ln\u00ed. P\u016fsob\u00ed na kated\u0159e po\u010d\u00edta\u010dov\u00e9 grafiky a interakce \u010cVUT FEL, kde se v\u011bnuje v\u00fdzkumu v oblasti zvukov\u00fdch u\u017eivatelsk\u00fdch rozhran\u00ed. V sou\u010dasn\u00e9 dob\u011b se pod\u00edl\u00ed na realizaci hudby v po\u010d\u00edta\u010dov\u00e9 h\u0159e Kingdom Come: Deliverance z d\u00edlny Warhorse Studios. S Luci\u00ed Svobodovou pracoval ji\u017e na projektech Nejasn\u00fd p\u0159edm\u011bt touhy a Tunel. Twitter: <a href=\"https:\/\/twitter.com\/adam_sporkaSoundCloud\" target=\"_blank\">https:\/\/twitter.com\/adam_sporkaSoundCloud<\/a>: <a href=\"https:\/\/soundcloud.com\/adam_sporka\" target=\"_blank\">https:\/\/soundcloud.com\/adam_sporka<\/a><\/p>\n<p>V\u00edce o projektu na <a href=\"https:\/\/www.hithit.com\/cs\/project\/2658\/socha-bohyne-diany-memento\">Hithitu<\/a>, kde m\u016f\u017eete projekt tak\u00e9 finan\u010dn\u011b podpo\u0159it. \u00a0Informace <a href=\"https:\/\/www.facebook.com\/sochaDianyLetna100\/?ref=bookmarks\">zde.<\/a><\/p>\n<p><img decoding=\"async\" class=\"alignleft\" src=\"https:\/\/www.iim.cz\/wp-content\/uploads\/2016\/07\/Diana_Letna-226x350.jpg\" alt=\"Diana_Letna\" \/><\/p>","protected":false},"excerpt":{"rendered":"<p>Zam\u011bstnanci IIM spou\u0161t\u011bj\u00ed p\u0159\u00edpravy projektu sv\u011bteln\u00e9 sochy bohyn\u011b Diany v Letensk\u00fdch sadech.\u00a0 Bronzov\u00e1 plastika na mramorov\u00e9m soklu socha\u0159e Franti\u0161ka Rouse z roku 1916 byla kr\u00e1sn\u00fdm, malebn\u00fdm zakon\u010den\u00edm aleje a dod\u00e1vala tomuto komunitn\u00edmu m\u00edstu kouzlo a p\u0159\u00edjemnou atmosf\u00e9ru. Letos je tomu pr\u00e1v\u011b sto let, kdy byla socha realizov\u00e1na. Po roce 1990 ale byla ukradena. Na po\u010dest [&hellip;]<\/p>\n","protected":false},"author":7,"featured_media":1207,"comment_status":"closed","ping_status":"open","sticky":false,"template":"","format":"standard","meta":{"footnotes":""},"categories":[1,11],"tags":[],"class_list":["post-1206","post","type-post","status-publish","format-standard","has-post-thumbnail","hentry","category-news","category-projects"],"_links":{"self":[{"href":"https:\/\/www.iim.cz\/cs\/wp-json\/wp\/v2\/posts\/1206","targetHints":{"allow":["GET"]}}],"collection":[{"href":"https:\/\/www.iim.cz\/cs\/wp-json\/wp\/v2\/posts"}],"about":[{"href":"https:\/\/www.iim.cz\/cs\/wp-json\/wp\/v2\/types\/post"}],"author":[{"embeddable":true,"href":"https:\/\/www.iim.cz\/cs\/wp-json\/wp\/v2\/users\/7"}],"replies":[{"embeddable":true,"href":"https:\/\/www.iim.cz\/cs\/wp-json\/wp\/v2\/comments?post=1206"}],"version-history":[{"count":4,"href":"https:\/\/www.iim.cz\/cs\/wp-json\/wp\/v2\/posts\/1206\/revisions"}],"predecessor-version":[{"id":1214,"href":"https:\/\/www.iim.cz\/cs\/wp-json\/wp\/v2\/posts\/1206\/revisions\/1214"}],"wp:featuredmedia":[{"embeddable":true,"href":"https:\/\/www.iim.cz\/cs\/wp-json\/wp\/v2\/media\/1207"}],"wp:attachment":[{"href":"https:\/\/www.iim.cz\/cs\/wp-json\/wp\/v2\/media?parent=1206"}],"wp:term":[{"taxonomy":"category","embeddable":true,"href":"https:\/\/www.iim.cz\/cs\/wp-json\/wp\/v2\/categories?post=1206"},{"taxonomy":"post_tag","embeddable":true,"href":"https:\/\/www.iim.cz\/cs\/wp-json\/wp\/v2\/tags?post=1206"}],"curies":[{"name":"wp","href":"https:\/\/api.w.org\/{rel}","templated":true}]}}