{"id":1232,"date":"2016-10-20T09:35:53","date_gmt":"2016-10-20T08:35:53","guid":{"rendered":"https:\/\/www.iim.cz\/?p=1232"},"modified":"2016-10-20T09:35:53","modified_gmt":"2016-10-20T08:35:53","slug":"skoncil-signal-festival-spolupracovali-jsme","status":"publish","type":"post","link":"https:\/\/www.iim.cz\/cs\/skoncil-signal-festival-spolupracovali-jsme\/","title":{"rendered":"Skon\u010dil Signal festival &#8211; spolupracovali jsme"},"content":{"rendered":"<p>\u00daderem ned\u011bln\u00ed p\u016flnoci skon\u010dil v Praze \u010dtvrt\u00fd ro\u010dn\u00edk Signal festivalu, jej\u00ed\u017e ulice rozz\u00e1\u0159ilo 22 sv\u011bteln\u00fdch instalac\u00ed sv\u011btov\u00fdch i dom\u00e1c\u00edch um\u011blc\u016f. Do festivalu se poprv\u00e9 zapojila tak\u00e9 Akademie v\u011bd \u010cR, kter\u00e1 se stala partnerskou organizac\u00ed nev\u0161edn\u00ed pod\u00edvan\u00e9 s n\u00e1zvem Horizont ud\u00e1lost\u00ed.<\/p>\n<p>Ve\u0159ejnosti jinak skryt\u00e9 n\u00e1dvo\u0159\u00ed Akademie v\u011bd \u010cR div\u00e1k\u016fm nab\u00eddlo z\u00e1\u017eitkovou instalaci s n\u00e1zvem Horizont ud\u00e1lost\u00ed.<\/p>\n<figure class=\"single-photo\"><img decoding=\"async\" class=\"alignleft\" src=\"https:\/\/www.iim.cz\/wp-content\/uploads\/2016\/10\/IMG_3345-350x233.jpg\" alt=\"img_3345\" \/><\/figure>\n<p>Jak vysv\u011btluje jej\u00ed autor D\u00e1vid Siv\u00fd, ve v\u0161eobecn\u00e9 teorii relativity existuje hranice v \u010dasoprostoru, za n\u00ed\u017e ud\u00e1losti ji\u017e nemohou vn\u011bj\u0161\u00edho pozorovatele ovlivnit, kter\u00e1 je zn\u00e1m\u00e1 jako horizont ud\u00e1lost\u00ed.\u00a0\u201eByl to zaj\u00edmav\u00e1 zku\u0161enost. V\u0161ude byla mlha a prostor jako by neexistoval. Najednou jsem se ocitla n\u011bkde \u00fapln\u011b jinde,\u201c popisuje sv\u00e9 pocity jedna z n\u00e1v\u0161t\u011bvnic, j\u00ed\u017e p\u0159echod z ru\u0161n\u00e9 t\u0159\u00eddy v no\u010dn\u00ed tm\u011b do osv\u011btlen\u00e9 zahrady zprost\u0159edkoval jedine\u010dn\u00fd osobn\u00ed pro\u017eitek.\u00a0Sv\u011btlo na konci mlhou zahalen\u00e9ho tunelu ka\u017ed\u00e9ho div\u00e1ka konfrontovalo s jeho vlastn\u00edm vn\u00edm\u00e1n\u00edm prostoru, osobn\u00ed v\u016fl\u00ed, jak s\u00e1m na sebe nech\u00e1 neb\u00fdval\u00fd um\u011bleck\u00fd jev p\u016fsobit. Po siln\u00e9m z\u00e1\u017eitku z oslniv\u00e9ho sv\u011btla a nejasn\u00fdch zvuk\u016f nastal v citliv\u011b osv\u011btlen\u00e9 zahrad\u011b moment pro katarzi. P\u0159\u00edle\u017eitost pro hlub\u0161\u00ed zamy\u0161len\u00ed, kter\u00e9 umoc\u0148ovala mlha povaluj\u00edc\u00ed se zahradou skrz \u017eiv\u00fd plot a stromy a je\u017e inspirovala nejen k mnoha nev\u0161edn\u00edm fotografi\u00edm, ale tak\u00e9 nab\u00eddla prostor a \u010das pro odpo\u010dinek smysl\u016f.<\/p>\n<p>Spojen\u00ed v\u011bdy a sou\u010dasn\u00e9ho um\u011bn\u00ed je dnes ji\u017e pro mnoh\u00e9 tv\u016frce b\u011b\u017enou z\u00e1le\u017eitost\u00ed. Modern\u00ed technologie neb\u00fdvale roz\u0161i\u0159uj\u00ed dal\u0161\u00ed spektrum v\u00fdrazov\u00fdch prost\u0159edk\u016f a umo\u017e\u0148uj\u00ed jim p\u0159ekon\u00e1vat hranice v\u00fdtvarn\u00e9ho um\u011bn\u00ed a origin\u00e1ln\u00edmi zp\u016fsoby reagovat na sou\u010dasn\u00e9 d\u011bn\u00ed \u00a0v kultu\u0159e a spole\u010dnosti. Akademie v\u011bd oslovila slovensk\u00e9ho um\u011blce D\u00e1vida \u00a0Siv\u00e9ho, kter\u00fd se ve sv\u00e9 \u00a0tvorb\u011b pohybuje na hranici experiment\u00e1ln\u00edho designu a um\u011bn\u00ed a \u00a0prost\u0159ednictv\u00edm sou\u010dasn\u00fdch technologi\u00ed \u00a0a nov\u00fdch \u00a0m\u00e9di\u00ed\u00a0 vytv\u00e1\u0159\u00ed pocitov\u00e9 \u00a0a konceptu\u00e1ln\u00ed instalace.<\/p>\n<p>Instalace vznikla \u00fazkou spoluprac\u00ed D\u00e1vida Siv\u00e9ho s\u00a0Janem T\u016fmou a Jind\u0159ichem R\u00e1ftlem ze studia RFRM. Koncep\u010dn\u011b se na projektu pod\u00edlel Miroslav Kukr\u00e1l a za ovl\u00e1d\u00e1n\u00edm sv\u011btel a zvuku stoj\u00ed Jan N\u00e1lepa. O technickou str\u00e1nku realizace se postaral Jakub Anto\u0161.\u00a0D\u00edlo je realizov\u00e1no za podpory Institutu interm\u00e9di\u00ed (IIM), co\u017e je experiment\u00e1ln\u00ed multimedi\u00e1ln\u00ed laborato\u0159 zalo\u017een\u00e1 spole\u010dn\u011b Akademii m\u00fazick\u00fdch um\u011bn\u00ed a \u010cesk\u00fd vysok\u00fdm u\u010den\u00edm technick\u00fdm, a s nemalou pomoc\u00ed spole\u010dnosti WD LUX.<\/p>\n<p>Za Akademii v\u011bd se produkce zhostily Eva Jurkov\u00e1 a a Tereza Kopeck\u00e1 z Odboru popularizace v\u011bdy a medializace Divize vn\u011bj\u0161\u00edch vztah\u016f St\u0159ediska spole\u010dn\u00fdch \u010dinnost\u00ed AV \u010cR.<\/p>\n<p>Instalace bude tak\u00e9 sou\u010d\u00e1st\u00ed listopadov\u00e9ho festivalu T\u00fddne v\u011bdy a techniky AV \u010cR.\u00a0 \u00a0Obohat\u00ed tak tradi\u010dn\u00ed program v\u00fdstav, p\u0159edn\u00e1\u0161ek, workshop\u016f aj. zcela unik\u00e1tn\u00edm d\u00edlem.<\/p>\n<p>Horizont ud\u00e1lost\u00ed m\u016f\u017eete op\u011bt nav\u0161t\u00edvit ve dnech \u00a04. &#8211; 6. 11. 2016 od 19:00 do 22:00.<\/p>","protected":false},"excerpt":{"rendered":"<p>\u00daderem ned\u011bln\u00ed p\u016flnoci skon\u010dil v Praze \u010dtvrt\u00fd ro\u010dn\u00edk Signal festivalu, jej\u00ed\u017e ulice rozz\u00e1\u0159ilo 22 sv\u011bteln\u00fdch instalac\u00ed sv\u011btov\u00fdch i dom\u00e1c\u00edch um\u011blc\u016f. Do festivalu se poprv\u00e9 zapojila tak\u00e9 Akademie v\u011bd \u010cR, kter\u00e1 se stala partnerskou organizac\u00ed nev\u0161edn\u00ed pod\u00edvan\u00e9 s n\u00e1zvem Horizont ud\u00e1lost\u00ed. Ve\u0159ejnosti jinak skryt\u00e9 n\u00e1dvo\u0159\u00ed Akademie v\u011bd \u010cR div\u00e1k\u016fm nab\u00eddlo z\u00e1\u017eitkovou instalaci s n\u00e1zvem Horizont ud\u00e1lost\u00ed. [&hellip;]<\/p>\n","protected":false},"author":7,"featured_media":1234,"comment_status":"closed","ping_status":"open","sticky":false,"template":"","format":"standard","meta":{"footnotes":""},"categories":[1],"tags":[89,87,88],"class_list":["post-1232","post","type-post","status-publish","format-standard","has-post-thumbnail","hentry","category-news","tag-instalace","tag-signal-festival","tag-svetlo"],"_links":{"self":[{"href":"https:\/\/www.iim.cz\/cs\/wp-json\/wp\/v2\/posts\/1232","targetHints":{"allow":["GET"]}}],"collection":[{"href":"https:\/\/www.iim.cz\/cs\/wp-json\/wp\/v2\/posts"}],"about":[{"href":"https:\/\/www.iim.cz\/cs\/wp-json\/wp\/v2\/types\/post"}],"author":[{"embeddable":true,"href":"https:\/\/www.iim.cz\/cs\/wp-json\/wp\/v2\/users\/7"}],"replies":[{"embeddable":true,"href":"https:\/\/www.iim.cz\/cs\/wp-json\/wp\/v2\/comments?post=1232"}],"version-history":[{"count":1,"href":"https:\/\/www.iim.cz\/cs\/wp-json\/wp\/v2\/posts\/1232\/revisions"}],"predecessor-version":[{"id":1235,"href":"https:\/\/www.iim.cz\/cs\/wp-json\/wp\/v2\/posts\/1232\/revisions\/1235"}],"wp:featuredmedia":[{"embeddable":true,"href":"https:\/\/www.iim.cz\/cs\/wp-json\/wp\/v2\/media\/1234"}],"wp:attachment":[{"href":"https:\/\/www.iim.cz\/cs\/wp-json\/wp\/v2\/media?parent=1232"}],"wp:term":[{"taxonomy":"category","embeddable":true,"href":"https:\/\/www.iim.cz\/cs\/wp-json\/wp\/v2\/categories?post=1232"},{"taxonomy":"post_tag","embeddable":true,"href":"https:\/\/www.iim.cz\/cs\/wp-json\/wp\/v2\/tags?post=1232"}],"curies":[{"name":"wp","href":"https:\/\/api.w.org\/{rel}","templated":true}]}}