{"id":1248,"date":"2016-11-11T10:49:45","date_gmt":"2016-11-11T09:49:45","guid":{"rendered":"https:\/\/www.iim.cz\/?p=1248"},"modified":"2016-11-11T10:49:45","modified_gmt":"2016-11-11T09:49:45","slug":"nekolik-fotek-z-predstaveni-elegance-kvantoveho-kralika","status":"publish","type":"post","link":"https:\/\/www.iim.cz\/cs\/nekolik-fotek-z-predstaveni-elegance-kvantoveho-kralika\/","title":{"rendered":"N\u011bkolik fotek z p\u0159edstaven\u00ed Elegance kvantov\u00e9ho kr\u00e1l\u00edka"},"content":{"rendered":"<p>V pond\u011bl\u00ed 7.11. se v IIM konalo tane\u010dn\u00ed p\u0159edstaven\u00ed Elegance kvantov\u00e9ho kr\u00e1l\u00edka. Sloven\u0161t\u00ed tv\u016frci Anna Sedla\u010dkov\u00e1 a Daniel Ra\u010dek se o kvantovou fyziku zaj\u00edmaj\u00ed u\u017e n\u011bkolik let. \u010ctou knihy, sleduj\u00ed d\u011bn\u00ed v tomto oboru a vz\u00e1jemn\u011b si p\u0159ed\u00e1vaj\u00ed poznatky, kter\u00e9 je pak inspiruj\u00ed k tvorb\u011b p\u0159edstaven\u00ed. Sv\u011bt\u00a0element\u00e1rn\u00edch \u010d\u00e1stic p\u0159enesli do tance a pohybu jen s ob\u010dasn\u00fdm doprovodn\u00fdm mluven\u00fdm slovem. P\u0159edstaven\u00ed je vtipn\u00e9, estetick\u00e9 a nut\u00ed div\u00e1ky k zamy\u0161len\u00ed nad fungov\u00e1n\u00edm sv\u011bta i t\u011bla. Fyzik\u00e1ln\u011b i filosoficky.<\/p>\n<p>T\u00edmto d\u011bkujeme kated\u0159e fyziky FEL \u010cVUT za podporu projektu.\u00a0<img decoding=\"async\" class=\"alignleft\" src=\"https:\/\/www.iim.cz\/wp-content\/uploads\/2016\/11\/IMAG5222-350x210.jpg\" alt=\"imag5222\" \/><\/p>\n<figure class=\"single-photo\"><img decoding=\"async\" class=\"alignleft\" src=\"https:\/\/www.iim.cz\/wp-content\/uploads\/2016\/11\/IMAG5230-350x210.jpg\" alt=\"imag5230\" \/><\/figure>\n<figure class=\"single-photo\"><img decoding=\"async\" class=\"alignleft\" src=\"https:\/\/www.iim.cz\/wp-content\/uploads\/2016\/11\/IMAG5235-210x350.jpg\" alt=\"imag5235\" \/><\/figure>\n<p><img decoding=\"async\" class=\"alignleft\" src=\"https:\/\/www.iim.cz\/wp-content\/uploads\/2016\/11\/IMAG5243-350x210.jpg\" alt=\"imag5243\" \/><\/p>","protected":false},"excerpt":{"rendered":"<p>V pond\u011bl\u00ed 7.11. se v IIM konalo tane\u010dn\u00ed p\u0159edstaven\u00ed Elegance kvantov\u00e9ho kr\u00e1l\u00edka. Sloven\u0161t\u00ed tv\u016frci Anna Sedla\u010dkov\u00e1 a Daniel Ra\u010dek se o kvantovou fyziku zaj\u00edmaj\u00ed u\u017e n\u011bkolik let. \u010ctou knihy, sleduj\u00ed d\u011bn\u00ed v tomto oboru a vz\u00e1jemn\u011b si p\u0159ed\u00e1vaj\u00ed poznatky, kter\u00e9 je pak inspiruj\u00ed k tvorb\u011b p\u0159edstaven\u00ed. Sv\u011bt\u00a0element\u00e1rn\u00edch \u010d\u00e1stic p\u0159enesli do tance a pohybu jen s [&hellip;]<\/p>\n","protected":false},"author":7,"featured_media":1249,"comment_status":"closed","ping_status":"open","sticky":false,"template":"","format":"standard","meta":{"footnotes":""},"categories":[1],"tags":[98,99,97,95,96,94],"class_list":["post-1248","post","type-post","status-publish","format-standard","has-post-thumbnail","hentry","category-news","tag-anna-sedlakova","tag-choreografie","tag-daniel-racek","tag-fyzika","tag-kvantova-fyzika","tag-tanec"],"_links":{"self":[{"href":"https:\/\/www.iim.cz\/cs\/wp-json\/wp\/v2\/posts\/1248","targetHints":{"allow":["GET"]}}],"collection":[{"href":"https:\/\/www.iim.cz\/cs\/wp-json\/wp\/v2\/posts"}],"about":[{"href":"https:\/\/www.iim.cz\/cs\/wp-json\/wp\/v2\/types\/post"}],"author":[{"embeddable":true,"href":"https:\/\/www.iim.cz\/cs\/wp-json\/wp\/v2\/users\/7"}],"replies":[{"embeddable":true,"href":"https:\/\/www.iim.cz\/cs\/wp-json\/wp\/v2\/comments?post=1248"}],"version-history":[{"count":1,"href":"https:\/\/www.iim.cz\/cs\/wp-json\/wp\/v2\/posts\/1248\/revisions"}],"predecessor-version":[{"id":1254,"href":"https:\/\/www.iim.cz\/cs\/wp-json\/wp\/v2\/posts\/1248\/revisions\/1254"}],"wp:featuredmedia":[{"embeddable":true,"href":"https:\/\/www.iim.cz\/cs\/wp-json\/wp\/v2\/media\/1249"}],"wp:attachment":[{"href":"https:\/\/www.iim.cz\/cs\/wp-json\/wp\/v2\/media?parent=1248"}],"wp:term":[{"taxonomy":"category","embeddable":true,"href":"https:\/\/www.iim.cz\/cs\/wp-json\/wp\/v2\/categories?post=1248"},{"taxonomy":"post_tag","embeddable":true,"href":"https:\/\/www.iim.cz\/cs\/wp-json\/wp\/v2\/tags?post=1248"}],"curies":[{"name":"wp","href":"https:\/\/api.w.org\/{rel}","templated":true}]}}