{"id":1292,"date":"2017-02-20T12:00:38","date_gmt":"2017-02-20T11:00:38","guid":{"rendered":"https:\/\/www.iim.cz\/?p=1292"},"modified":"2017-02-20T12:00:38","modified_gmt":"2017-02-20T11:00:38","slug":"iim-v-poradu-ceske-televize-wifina","status":"publish","type":"post","link":"https:\/\/www.iim.cz\/cs\/iim-v-poradu-ceske-televize-wifina\/","title":{"rendered":"IIM v po\u0159adu \u010cesk\u00e9 televize Wifina"},"content":{"rendered":"<p>Roman Berka vystoupil v po\u0159adu \u010cT Wifina. D\u011bt\u0161t\u00ed div\u00e1ci se dozv\u011bd\u011bli o Institutu interm\u00e9di\u00ed, ale p\u0159edev\u0161\u00edm o tom, co je to <em><strong>motion capture<\/strong><\/em> a jak funguje. T\u0159eba z n\u011bkter\u00fdch div\u00e1k\u016f budou na\u0161i studenti.<\/p>\n<p>Report\u00e1\u017e o n\u00e1s <a href=\"http:\/\/www.ceskatelevize.cz\/ivysilani\/10606260684-wifina\/216543112050034\/obsah\/506473-technika-motion-capture\">zde<\/a><\/p>\n<p><img decoding=\"async\" class=\"alignleft\" src=\"https:\/\/www.iim.cz\/wp-content\/uploads\/2017\/02\/wifina-2-350x205.jpg\" \/><\/p>","protected":false},"excerpt":{"rendered":"<p>Roman Berka vystoupil v po\u0159adu \u010cT Wifina. D\u011bt\u0161t\u00ed div\u00e1ci se dozv\u011bd\u011bli o Institutu interm\u00e9di\u00ed, ale p\u0159edev\u0161\u00edm o tom, co je to motion capture a jak funguje. T\u0159eba z n\u011bkter\u00fdch div\u00e1k\u016f budou na\u0161i studenti. Report\u00e1\u017e o n\u00e1s zde<\/p>\n","protected":false},"author":7,"featured_media":1294,"comment_status":"closed","ping_status":"open","sticky":false,"template":"","format":"standard","meta":{"footnotes":""},"categories":[1],"tags":[114,115,116],"class_list":["post-1292","post","type-post","status-publish","format-standard","has-post-thumbnail","hentry","category-news","tag-motion-capture","tag-televize","tag-wifina"],"_links":{"self":[{"href":"https:\/\/www.iim.cz\/cs\/wp-json\/wp\/v2\/posts\/1292","targetHints":{"allow":["GET"]}}],"collection":[{"href":"https:\/\/www.iim.cz\/cs\/wp-json\/wp\/v2\/posts"}],"about":[{"href":"https:\/\/www.iim.cz\/cs\/wp-json\/wp\/v2\/types\/post"}],"author":[{"embeddable":true,"href":"https:\/\/www.iim.cz\/cs\/wp-json\/wp\/v2\/users\/7"}],"replies":[{"embeddable":true,"href":"https:\/\/www.iim.cz\/cs\/wp-json\/wp\/v2\/comments?post=1292"}],"version-history":[{"count":2,"href":"https:\/\/www.iim.cz\/cs\/wp-json\/wp\/v2\/posts\/1292\/revisions"}],"predecessor-version":[{"id":1296,"href":"https:\/\/www.iim.cz\/cs\/wp-json\/wp\/v2\/posts\/1292\/revisions\/1296"}],"wp:featuredmedia":[{"embeddable":true,"href":"https:\/\/www.iim.cz\/cs\/wp-json\/wp\/v2\/media\/1294"}],"wp:attachment":[{"href":"https:\/\/www.iim.cz\/cs\/wp-json\/wp\/v2\/media?parent=1292"}],"wp:term":[{"taxonomy":"category","embeddable":true,"href":"https:\/\/www.iim.cz\/cs\/wp-json\/wp\/v2\/categories?post=1292"},{"taxonomy":"post_tag","embeddable":true,"href":"https:\/\/www.iim.cz\/cs\/wp-json\/wp\/v2\/tags?post=1292"}],"curies":[{"name":"wp","href":"https:\/\/api.w.org\/{rel}","templated":true}]}}