{"id":1320,"date":"2017-04-20T13:02:07","date_gmt":"2017-04-20T12:02:07","guid":{"rendered":"https:\/\/www.iim.cz\/?p=1320"},"modified":"2017-04-20T13:02:07","modified_gmt":"2017-04-20T12:02:07","slug":"spolupracujeme-s-prazskym-jarem","status":"publish","type":"post","link":"https:\/\/www.iim.cz\/cs\/spolupracujeme-s-prazskym-jarem\/","title":{"rendered":"Spolupracujeme s Pra\u017esk\u00fdm jarem"},"content":{"rendered":"<p><a href=\"http:\/\/www.festival.cz\/cz\/detail_programu\/114425\">http:\/\/www.festival.cz\/cz\/detail_programu\/114425<\/a><\/p>\n<p><em>Ve spolupr\u00e1ci s \u00a0N\u00e1rodn\u00edm technick\u00fdm muzeem vznik\u00e1 unik\u00e1tn\u00ed projekt pro Pra\u017esk\u00e9 jaro.<\/em><\/p>\n<figure class=\"single-photo\"><img decoding=\"async\" class=\"alignleft\" src=\"https:\/\/www.iim.cz\/wp-content\/uploads\/2017\/04\/JBS41a5bc_aaapjaro-350x262.jpg\" \/><\/figure>\n<p>V dopravn\u00ed hale N\u00e1rodn\u00edho technick\u00e9ho muzea Pra\u017esk\u00e9 jaro v\u00a0posledn\u00edch letech uspo\u0159\u00e1dalo \u0161irokou paletu koncert\u016f. Od hudebn\u00edch experiment\u016f Johna Cage a jeho n\u00e1sledovn\u00edk\u016f v\u00a0pod\u00e1n\u00ed orchestru Agon, p\u0159es gregori\u00e1nsk\u00fd chor\u00e1l, swing 20. let \u010di \u201eKocourkovsk\u00e9 u\u010ditele\u201c, a\u017e po multimedi\u00e1ln\u00ed koncert Clarinet Factory dopln\u011bn\u00fd o videomapping.<\/p>\n<p>Na\u00a0pond\u011bl\u00ed 29. kv\u011btna se p\u0159ipravuje koncert nanejv\u00fd\u0161 aktu\u00e1ln\u00ed, a\u0165 na n\u011bj pohl\u00ed\u017e\u00edme perspektivou \u010dty\u0159 \u017eij\u00edc\u00edch skladatel\u016f, jejich\u017e d\u00edla zazn\u011bj\u00ed (dv\u011b v\u00a0\u010desk\u00e9 a jedno ve sv\u011btov\u00e9 premi\u00e9\u0159e), anebo t\u00edm, \u017ee v\u0161echny tyto skladby v interpretaci vyu\u017e\u00edvaj\u00ed modern\u00edch technologi\u00ed.<\/p>\n<p>Slavn\u00e9 <em>Newyorsk\u00e9 invence<\/em> Steva Reicha rozehr\u00e1vaj\u00ed souhru s\u00f3lov\u00e9ho klarinetu se splet\u00ed klarinet\u016f p\u0159edto\u010den\u00fdch. <em>Bagately<\/em> Heinera Goebbelse zase stav\u00ed na duetu s\u00f3lov\u00fdch housl\u00ed se samplerem. Michal Rataj n\u00e1s svou skladbou <em>V\u011bta bez v\u011bty<\/em> zavede do sv\u011bta akusmatick\u00e9 hudby, tedy \u010dist\u011b elektronick\u00e9, jej\u00ed\u017e interpretace se d\u011bje na\u017eivo nikoliv pomoc\u00ed n\u00e1stroj\u016f, ale stroj\u016f, elektroniky, kter\u00e1 se st\u00e1v\u00e1 n\u00e1strojem hudebn\u00edm.<\/p>\n<p>Zcela origin\u00e1ln\u00ed z\u00e1\u017eitek slibuje projekt vznikaj\u00edc\u00ed ve spolupr\u00e1ci s\u00a0<strong>Institutem interm\u00e9di\u00ed Fakulty elektrotechnick\u00e9 \u010cVUT<\/strong>, zazn\u00ed toti\u017e sv\u011btov\u00e1 premi\u00e9ra skladby <em>Circulation<\/em> <strong>Jana Trojana<\/strong> objednan\u00e9 Pra\u017esk\u00fdm jarem. Ten ve sv\u00e9 kompozici vyu\u017eije kombinace \u017eiv\u00fdch hudebn\u00edk\u016f, elektro-akustick\u00e9 hudby a \u201erobotizovan\u00fdch\u201c reproduktor\u016f, kter\u00e9 se budou pohybovat mezi publikem.<\/p>\n<p>&nbsp;<\/p>\n<p>&nbsp;<\/p>","protected":false},"excerpt":{"rendered":"<p>http:\/\/www.festival.cz\/cz\/detail_programu\/114425 Ve spolupr\u00e1ci s \u00a0N\u00e1rodn\u00edm technick\u00fdm muzeem vznik\u00e1 unik\u00e1tn\u00ed projekt pro Pra\u017esk\u00e9 jaro. V dopravn\u00ed hale N\u00e1rodn\u00edho technick\u00e9ho muzea Pra\u017esk\u00e9 jaro v\u00a0posledn\u00edch letech uspo\u0159\u00e1dalo \u0161irokou paletu koncert\u016f. Od hudebn\u00edch experiment\u016f Johna Cage a jeho n\u00e1sledovn\u00edk\u016f v\u00a0pod\u00e1n\u00ed orchestru Agon, p\u0159es gregori\u00e1nsk\u00fd chor\u00e1l, swing 20. let \u010di \u201eKocourkovsk\u00e9 u\u010ditele\u201c, a\u017e po multimedi\u00e1ln\u00ed koncert Clarinet Factory dopln\u011bn\u00fd o [&hellip;]<\/p>\n","protected":false},"author":7,"featured_media":1321,"comment_status":"closed","ping_status":"open","sticky":false,"template":"","format":"standard","meta":{"footnotes":""},"categories":[1],"tags":[124],"class_list":["post-1320","post","type-post","status-publish","format-standard","has-post-thumbnail","hentry","category-news","tag-prazske-jaro"],"_links":{"self":[{"href":"https:\/\/www.iim.cz\/cs\/wp-json\/wp\/v2\/posts\/1320","targetHints":{"allow":["GET"]}}],"collection":[{"href":"https:\/\/www.iim.cz\/cs\/wp-json\/wp\/v2\/posts"}],"about":[{"href":"https:\/\/www.iim.cz\/cs\/wp-json\/wp\/v2\/types\/post"}],"author":[{"embeddable":true,"href":"https:\/\/www.iim.cz\/cs\/wp-json\/wp\/v2\/users\/7"}],"replies":[{"embeddable":true,"href":"https:\/\/www.iim.cz\/cs\/wp-json\/wp\/v2\/comments?post=1320"}],"version-history":[{"count":1,"href":"https:\/\/www.iim.cz\/cs\/wp-json\/wp\/v2\/posts\/1320\/revisions"}],"predecessor-version":[{"id":1322,"href":"https:\/\/www.iim.cz\/cs\/wp-json\/wp\/v2\/posts\/1320\/revisions\/1322"}],"wp:featuredmedia":[{"embeddable":true,"href":"https:\/\/www.iim.cz\/cs\/wp-json\/wp\/v2\/media\/1321"}],"wp:attachment":[{"href":"https:\/\/www.iim.cz\/cs\/wp-json\/wp\/v2\/media?parent=1320"}],"wp:term":[{"taxonomy":"category","embeddable":true,"href":"https:\/\/www.iim.cz\/cs\/wp-json\/wp\/v2\/categories?post=1320"},{"taxonomy":"post_tag","embeddable":true,"href":"https:\/\/www.iim.cz\/cs\/wp-json\/wp\/v2\/tags?post=1320"}],"curies":[{"name":"wp","href":"https:\/\/api.w.org\/{rel}","templated":true}]}}