{"id":1323,"date":"2017-04-21T12:11:05","date_gmt":"2017-04-21T11:11:05","guid":{"rendered":"https:\/\/www.iim.cz\/?p=1323"},"modified":"2017-04-21T12:11:05","modified_gmt":"2017-04-21T11:11:05","slug":"zvukove-stezky-magneticka-pole","status":"publish","type":"post","link":"https:\/\/www.iim.cz\/cs\/zvukove-stezky-magneticka-pole\/","title":{"rendered":"ZVUKOV\u00c9 STEZKY &#038; MAGNETICK\u00c1 POLE"},"content":{"rendered":"<p>ZVUKOV\u00c9 STEZKY &amp; MAGNETICK\u00c1 POLE<\/p>\n<p>9. a\u017e 27. kv\u011btna: \u00a0Studenti Centra audiovizu\u00e1ln\u00edch studi\u00ed FAMU: MAGNETICK\u00c1 POLE\u00a0&#8211; zvukov\u00e1 instalace<\/p>\n<p>15 &#8211; 18. kv\u011btna: Jakub Krej\u010d\u00ed: Dominium\u00a0&#8211; audiovizu\u00e1ln\u00ed instalace pro virtu\u00e1ln\u00ed realitu<\/p>\n<p>18. kv\u011btna 2017, 19:00:\u00a0studenti HAMU a Hochschule f\u00fcr Musik, N\u00fcrnberg \u00a0\u2013 ZVUKOV\u00c9 STEZKY \u2013 koncertn\u00ed situace<\/p>\n<figure class=\"single-photo\"><img decoding=\"async\" class=\"alignleft\" src=\"https:\/\/www.iim.cz\/wp-content\/uploads\/2017\/04\/Praha-1-Ane\u017esk\u00fd-kl\u00e1\u0161ter09002-233x350.jpg\" \/><\/figure>\n<p>Prostory Ane\u017esk\u00e9ho kl\u00e1\u0161tera se b\u011bhem ve\u010dera 18. kv\u011btna prom\u011bn\u00ed v pomyslnou zvukovou stezku. Pr\u016fvodcem je sm\u00ed\u0161en\u00fd studentsk\u00fd sbor, kter\u00fd za pou\u017eit\u00ed tradi\u010dn\u00edho i sou\u010dasn\u00e9ho vok\u00e1ln\u00edho reperto\u00e1ru provede n\u00e1v\u0161t\u011bvn\u00edky prostory kl\u00e1\u0161tera. V pr\u016fb\u011bhu ve\u010dera zazn\u00ed: Jan R\u00f6sner: \u201eDec.16-Feb.17\u201c (\u010desk\u00e1 premi\u00e9ra, HAMU), Dieter Schnebel &#8211; Lamento di Guerra II, Luciano Berio &#8211; Sequenza II pro sopr\u00e1n, zvukov\u00e9 intervence pro sopr\u00e1n saxofon a violu, Meng Lin: Zappelig Nicht, Yuhwan Kim \u2013 Suche, Auto\u0159i multikan\u00e1lov\u00fdch elektronick\u00fdch kompozic: Marta Kol\u00e1rov\u00e1, Ond\u0159ej \u010cernohorsk\u00fd, Martin Hurych, Juras Karaka, Michael Koc\u00e1b, Jakub Krej\u010d\u00ed, Tom\u00e1\u0161 Ro\u010dek, Mat\u011bj \u0160enky\u0159\u00edk, Barry Wan. Universitn\u00ed sbor Hoschule f\u00fcr Musik, N\u00fcrnberg, dirigent \u2013 Alfons Brandl, Susanne Kelling &#8211; mezzosopr\u00e1n, Martin Sigl \u2013 akordeon, Eva Sch\u00f6ler, Pia Schwarz a Helena Steiner \u2013 sopr\u00e1n, Miroslav T\u00f3th &#8211; sopr\u00e1n saxofon, Ilja Chernoklinov \u2013 viola. Ensemble Terrible, um\u011bleck\u00fd vedouc\u00ed \u2013 Jakub Rataj. Akusmonium HAMU (premi\u00e9ra nov\u00e9ho 3D audiosyst\u00e9mu)<\/p>\n<p>Magnetick\u00e1 pole (9. &#8211; 27. kv\u011btna) &#8211; zvukov\u00e1 instalace a kompozice, v n\u00ed\u017e zazn\u00ed z\u00e1znamy akustick\u00fdch ud\u00e1lost\u00ed, kter\u00e9 se mohly (nebo mohou) odehr\u00e1t v k\u0159\u00ed\u017eov\u00e9 chodb\u011b kl\u00e1\u0161tera. Ambientn\u00ed kompozice st\u00edr\u00e1 jasn\u00e9 hranice mezi fyzick\u00fdm prostorem a akustickou skute\u010dnosti sakr\u00e1ln\u00ed architektury. Realizace: Alexandra Cihansk\u00e1 &#8211; Machov\u00e1, Sebastian Drack, Tobias Feldmaier, Veronika Dost\u00e1lov\u00e1, Ji\u0159\u00ed Rou\u0161, Mat\u011bj \u0160enky\u0159\u00edk, Petr Z\u00e1brodsk\u00fd, j.h. Stanislav Abrah\u00e1m. D\u00edlna Milo\u0161e Vojt\u011bchovsk\u00e9ho.<\/p>\n<p>Jakub Krej\u010d\u00ed: DOMINIUM &#8211; audiovizu\u00e1ln\u00ed instalace pro virtu\u00e1ln\u00ed realitu 3D br\u00fdl\u00ed. \u201eKl\u00e1\u0161ter ve virtu\u00e1ln\u00ed podob\u011b vypad\u00e1 jinak. Bytost zkoum\u00e1 sv\u00e9 okol\u00ed, je poslucha\u010dem minulosti, p\u0159edch\u00e1z\u00ed budouc\u00edmu a ciz\u00edmu, pomoc\u00ed vlastn\u00edch p\u0159edstav skrze sv\u011bt reprezentovan\u00fd jedn\u00edm z mnoha panstv\u00ed&#8230;\u201c<\/p>","protected":false},"excerpt":{"rendered":"<p>ZVUKOV\u00c9 STEZKY &amp; MAGNETICK\u00c1 POLE 9. a\u017e 27. kv\u011btna: \u00a0Studenti Centra audiovizu\u00e1ln\u00edch studi\u00ed FAMU: MAGNETICK\u00c1 POLE\u00a0&#8211; zvukov\u00e1 instalace 15 &#8211; 18. kv\u011btna: Jakub Krej\u010d\u00ed: Dominium\u00a0&#8211; audiovizu\u00e1ln\u00ed instalace pro virtu\u00e1ln\u00ed realitu 18. kv\u011btna 2017, 19:00:\u00a0studenti HAMU a Hochschule f\u00fcr Musik, N\u00fcrnberg \u00a0\u2013 ZVUKOV\u00c9 STEZKY \u2013 koncertn\u00ed situace Prostory Ane\u017esk\u00e9ho kl\u00e1\u0161tera se b\u011bhem ve\u010dera 18. kv\u011btna prom\u011bn\u00ed [&hellip;]<\/p>\n","protected":false},"author":7,"featured_media":1324,"comment_status":"closed","ping_status":"open","sticky":false,"template":"","format":"standard","meta":{"footnotes":""},"categories":[1],"tags":[],"class_list":["post-1323","post","type-post","status-publish","format-standard","has-post-thumbnail","hentry","category-news"],"_links":{"self":[{"href":"https:\/\/www.iim.cz\/cs\/wp-json\/wp\/v2\/posts\/1323","targetHints":{"allow":["GET"]}}],"collection":[{"href":"https:\/\/www.iim.cz\/cs\/wp-json\/wp\/v2\/posts"}],"about":[{"href":"https:\/\/www.iim.cz\/cs\/wp-json\/wp\/v2\/types\/post"}],"author":[{"embeddable":true,"href":"https:\/\/www.iim.cz\/cs\/wp-json\/wp\/v2\/users\/7"}],"replies":[{"embeddable":true,"href":"https:\/\/www.iim.cz\/cs\/wp-json\/wp\/v2\/comments?post=1323"}],"version-history":[{"count":1,"href":"https:\/\/www.iim.cz\/cs\/wp-json\/wp\/v2\/posts\/1323\/revisions"}],"predecessor-version":[{"id":1325,"href":"https:\/\/www.iim.cz\/cs\/wp-json\/wp\/v2\/posts\/1323\/revisions\/1325"}],"wp:featuredmedia":[{"embeddable":true,"href":"https:\/\/www.iim.cz\/cs\/wp-json\/wp\/v2\/media\/1324"}],"wp:attachment":[{"href":"https:\/\/www.iim.cz\/cs\/wp-json\/wp\/v2\/media?parent=1323"}],"wp:term":[{"taxonomy":"category","embeddable":true,"href":"https:\/\/www.iim.cz\/cs\/wp-json\/wp\/v2\/categories?post=1323"},{"taxonomy":"post_tag","embeddable":true,"href":"https:\/\/www.iim.cz\/cs\/wp-json\/wp\/v2\/tags?post=1323"}],"curies":[{"name":"wp","href":"https:\/\/api.w.org\/{rel}","templated":true}]}}