{"id":1343,"date":"2017-06-02T10:56:22","date_gmt":"2017-06-02T09:56:22","guid":{"rendered":"https:\/\/www.iim.cz\/?p=1343"},"modified":"2017-06-02T10:56:22","modified_gmt":"2017-06-02T09:56:22","slug":"cirkulace-na-prazskem-jaru","status":"publish","type":"post","link":"https:\/\/www.iim.cz\/cs\/cirkulace-na-prazskem-jaru\/","title":{"rendered":"Cirkulace na Pra\u017esk\u00e9m jaru"},"content":{"rendered":"<p>Festival Pra\u017esk\u00e9 jaro uvedl v N\u00e1rodn\u00edm technick\u00e9m muzeu novou skladbu Jana Trojana \u201cCirkulace\u201d. Na proveden\u00ed skladby se pod\u00edlel take Institut interm\u00e9di\u00ed. Na\u0161i program\u00e1to\u0159i vyvinuli speci\u00e1ln\u00ed roboty-aut\u00ed\u010dka s reproduktory, kter\u00e1 \u201crozv\u00e1\u017eela\u201d zvuk mezi div\u00e1ky. Koncert se konal v r\u00e1mci komponovan\u00e9ho ve\u010dera nazvan\u00e9ho Hudebn\u011b-technick\u00e9 invence. V\u00edce o akci v\u010detn\u011b vid\u00ed najdete na t\u011bchto odkazech.<\/p>\n<p><strong><a href=\"http:\/\/www.ceskatelevize.cz\/porady\/11805372800-echo-prazskeho-jara-2017\/217542151260021\/\">\u010cesk\u00e1 televize<\/a> , <a href=\"https:\/\/art.ihned.cz\/klasicka-hudba-a-opera\/c1-65733390-festival-prazske-jaro-trojan-hudebne-technologicke-invence-cvut-muzeum\">iHned prvn\u00ed upout\u00e1vka<\/a> a<a href=\"https:\/\/art.ihned.cz\/klasicka-hudba-a-opera\/c1-65748090-prazske-jaro-festival-jan-trojan-adam-sporka-cvut-roboti-video\"> dal\u0161\u00ed video<\/a>,\u00a0<\/strong><\/p>\n<p><a href=\"http:\/\/www.casopisharmonie.cz\/kritiky\/kdyz-zvuk-ujizdi-na-koleckach-hudebne-technicke-invence-prazskeho-jara.html\"><strong>Recenze Jana Borka pro \u010dasopis Harmonie.<\/strong>\u00a0<\/a>\u00a0Dal\u0161\u00ed <strong><a href=\"https:\/\/www.facebook.com\/PrazskeJaro\/posts\/10158894418105171\">fotografie zde.<\/a><\/strong><\/p>\n<p><img decoding=\"async\" class=\"alignleft\" src=\"https:\/\/www.iim.cz\/wp-content\/uploads\/2017\/06\/jarni-robbot-350x244.jpg\" \/><\/p>","protected":false},"excerpt":{"rendered":"<p>Festival Pra\u017esk\u00e9 jaro uvedl v N\u00e1rodn\u00edm technick\u00e9m muzeu novou skladbu Jana Trojana \u201cCirkulace\u201d. Na proveden\u00ed skladby se pod\u00edlel take Institut interm\u00e9di\u00ed. Na\u0161i program\u00e1to\u0159i vyvinuli speci\u00e1ln\u00ed roboty-aut\u00ed\u010dka s reproduktory, kter\u00e1 \u201crozv\u00e1\u017eela\u201d zvuk mezi div\u00e1ky. Koncert se konal v r\u00e1mci komponovan\u00e9ho ve\u010dera nazvan\u00e9ho Hudebn\u011b-technick\u00e9 invence. V\u00edce o akci v\u010detn\u011b vid\u00ed najdete na t\u011bchto odkazech. \u010cesk\u00e1 televize , [&hellip;]<\/p>\n","protected":false},"author":7,"featured_media":1344,"comment_status":"closed","ping_status":"open","sticky":false,"template":"","format":"standard","meta":{"footnotes":""},"categories":[1,11],"tags":[],"class_list":["post-1343","post","type-post","status-publish","format-standard","has-post-thumbnail","hentry","category-news","category-projects"],"_links":{"self":[{"href":"https:\/\/www.iim.cz\/cs\/wp-json\/wp\/v2\/posts\/1343","targetHints":{"allow":["GET"]}}],"collection":[{"href":"https:\/\/www.iim.cz\/cs\/wp-json\/wp\/v2\/posts"}],"about":[{"href":"https:\/\/www.iim.cz\/cs\/wp-json\/wp\/v2\/types\/post"}],"author":[{"embeddable":true,"href":"https:\/\/www.iim.cz\/cs\/wp-json\/wp\/v2\/users\/7"}],"replies":[{"embeddable":true,"href":"https:\/\/www.iim.cz\/cs\/wp-json\/wp\/v2\/comments?post=1343"}],"version-history":[{"count":1,"href":"https:\/\/www.iim.cz\/cs\/wp-json\/wp\/v2\/posts\/1343\/revisions"}],"predecessor-version":[{"id":1346,"href":"https:\/\/www.iim.cz\/cs\/wp-json\/wp\/v2\/posts\/1343\/revisions\/1346"}],"wp:featuredmedia":[{"embeddable":true,"href":"https:\/\/www.iim.cz\/cs\/wp-json\/wp\/v2\/media\/1344"}],"wp:attachment":[{"href":"https:\/\/www.iim.cz\/cs\/wp-json\/wp\/v2\/media?parent=1343"}],"wp:term":[{"taxonomy":"category","embeddable":true,"href":"https:\/\/www.iim.cz\/cs\/wp-json\/wp\/v2\/categories?post=1343"},{"taxonomy":"post_tag","embeddable":true,"href":"https:\/\/www.iim.cz\/cs\/wp-json\/wp\/v2\/tags?post=1343"}],"curies":[{"name":"wp","href":"https:\/\/api.w.org\/{rel}","templated":true}]}}