{"id":1351,"date":"2017-06-09T12:58:35","date_gmt":"2017-06-09T11:58:35","guid":{"rendered":"https:\/\/www.iim.cz\/?p=1351"},"modified":"2017-06-09T13:00:06","modified_gmt":"2017-06-09T12:00:06","slug":"akusmonium-reproduktory-i-3d-rig-na-fel-festu-2017","status":"publish","type":"post","link":"https:\/\/www.iim.cz\/cs\/akusmonium-reproduktory-i-3d-rig-na-fel-festu-2017\/","title":{"rendered":"Akusmonium, reproduktory i 3D rig na FEL FESTU 2017"},"content":{"rendered":"<p>Institut interm\u00e9di\u00ed se na leto\u0161n\u00edm FEL FESTU p\u0159edstav\u00ed jako prostor, kde se prot\u00edn\u00e1 um\u011bn\u00ed a technologie. V tomto p\u0159\u00edpad\u011b hudba a robotika i visu\u00e1ln\u00ed technologie a film.<\/p>\n<p><strong>Ve festivalov\u00e9m stanu bude nainstalov\u00e1n kamerov\u00fd 3D rig.<\/strong> Je to\u00a0za\u0159\u00edzen\u00ed pro up\u00edn\u00e1n\u00ed dvojice kamer do jedn\u00e9 sp\u0159a\u017een\u00e9 soustavy ur\u010den\u00e9 pro sn\u00edm\u00e1n\u00ed stereoskopick\u00e9ho videa. Aby bylo mo\u017en\u00e9 ob\u011b kamery skalibrovat je nutn\u00e9 je posunout k dob\u011b tak, aby jejich ob\u011b optick\u00e9 osy spl\u00fdvaly. To ale lze zrealizovat jen pomoc\u00ed zrcadla. Jedna kamera se pak d\u00edv\u00e1 na sn\u00edman\u00fd objekt skrz polopropustn\u00e9 zrcadlo a druh\u00e1 shora vid\u00ed odraz objektu. Obrazy z obou kamer jsou pak ulo\u017eeny v n\u011bkter\u00e9m z form\u00e1t\u016f pro distribuci 3D videa a d\u00e1le distribuov\u00e1ny. V na\u0161em p\u0159\u00edpad\u011b jde o form\u00e1t SIDE by SIDE, kdy jsou oba\u00a0 obrazy ulo\u017eeny vedle sebe v r\u00e1mci jednoho pol\u00ed\u010dka. Tento form\u00e1t se pou\u017e\u00edv\u00e1 pro vys\u00edl\u00e1n\u00ed 3D obsahu v r\u00e1mci satelitn\u00edho vys\u00edl\u00e1n\u00ed DVB-S.<\/p>\n<figure class=\"single-photo\"><img decoding=\"async\" class=\"alignleft\" src=\"https:\/\/www.iim.cz\/wp-content\/uploads\/2017\/06\/kamera-234x350.jpg\" \/><\/figure>\n<p><strong>Uvnit\u0159 IIM vystoup\u00ed od 16:00 Michal C\u00e1b se sv\u00fdm multikan\u00e1lov\u00fdm syst\u00e9mem<\/strong>.\u00a0\u00a0Sou\u010d\u00e1st\u00ed p\u0159edstaven\u00ed je prezentace projektu a koncert s\u00a0osmikan\u00e1lov\u00fdm zvukov\u00fdm v\u00fdstupem.<\/p>\n<p><b>Od 18:00 se p\u0159edstav\u00ed akusmonium HAMU a syst\u00e9m robotizovan\u00fdch reproduktor\u016f.\u00a0<\/b>V r\u00e1mci FEL FESTU bude poprv\u00e9 provedeno d\u00edl\u010d\u00ed p\u0159edstaven\u00ed projekt\u016f Akusmonium HAMU a\u00a0syst\u00e9m robotizovan\u00fdch reproduktor\u016f IIM formou zkomponovan\u00fdch skladeb a performance student\u016f a pedagog\u016f HAMU\/FAMU. Syst\u00e9m Akusmonium HAMU navazuje na podobn\u00e9 ji\u017e existuj\u00edc\u00ed ambisonick\u00e9 syst\u00e9my (GRM Paris, ZKM Karlsruhe, UC Santa Barbara, IEM Graz ad.), akcentuje v\u0161ak p\u0159edev\u0161\u00edm p\u0159enositelnost, pou\u017eitelnost v b\u011b\u017en\u00fdch koncertn\u00edch situac\u00edch, mo\u017enost vyu\u017eit\u00ed jako sv\u00e9bytn\u00e9ho hudebn\u00edho n\u00e1stroje, d\u00edky n\u011bmu\u017e se prostor st\u00e1v\u00e1 re\u00e1ln\u00fdm parametrem hudebn\u00ed kompozice.<\/p>\n<p>Sou\u010d\u00e1st\u00ed \u201eakusmonia\u201c je tak\u00e9 speci\u00e1ln\u011b vyvinut\u00e1 robotick\u00e1 reproduktorov\u00e1 hlava vytv\u00e1\u0159ej\u00edc\u00ed vertik\u00e1ln\u00ed osu syst\u00e9mu, jej\u00ed\u017e pohybliv\u00e9 reproduktory umo\u017e\u0148uj\u00ed prostorovou modulaci zvuku pomoc\u00ed \u010dty\u0159 mal\u00fdch reproduktor\u016f ot\u00e1\u010dej\u00edc\u00edch se v\u00a0rozsahu 180\u00b0. Syst\u00e9m byl vyvinut na kated\u0159e skladby HAMU v\u00a0letech 2016 \u2013 17 v r\u00e1mci projektu &#8222;Zvukoprostor &#8211; prostorozvuk&#8220; podpo\u0159en\u00e9ho z prost\u0159edk\u016f Institucion\u00e1ln\u00ed podpory na dlouhodob\u00fd koncep\u010dn\u00ed rozvoj v\u00fdzkumn\u00e9 organizace, kterou poskytlo M\u0160MT v roce 2016-17. Syst\u00e9m robotizovan\u00fdch reproruktor\u016f IIM vznikl v r\u00e1mci objedn\u00e1vky festivalem Pra\u017esk\u00e9 jaro 2017 speci\u00e1ln\u011b pro skladbu Circulation Jana Trojana. Skladba vyu\u017e\u00edv\u00e1 kombinace \u017eiv\u00fdch hudebn\u00edk\u016f, elektro-akustick\u00e9 hudby a robotizovan\u00fdch reproduktor\u016f, kter\u00e9 se pohybuj\u00ed v prostoru mezi publikem.<\/p>\n<p>Juras Karaka: Different birds , Michal Rataj a Miro T\u00f3th: Performance #1, Jan Trojan a Miro T\u00f3th: Circulation, Michal Rataj, Miro T\u00f3th a Jan Trojan: Performance #2<\/p>\n<p>&nbsp;<\/p>","protected":false},"excerpt":{"rendered":"<p>Institut interm\u00e9di\u00ed se na leto\u0161n\u00edm FEL FESTU p\u0159edstav\u00ed jako prostor, kde se prot\u00edn\u00e1 um\u011bn\u00ed a technologie. V tomto p\u0159\u00edpad\u011b hudba a robotika i visu\u00e1ln\u00ed technologie a film. Ve festivalov\u00e9m stanu bude nainstalov\u00e1n kamerov\u00fd 3D rig. Je to\u00a0za\u0159\u00edzen\u00ed pro up\u00edn\u00e1n\u00ed dvojice kamer do jedn\u00e9 sp\u0159a\u017een\u00e9 soustavy ur\u010den\u00e9 pro sn\u00edm\u00e1n\u00ed stereoskopick\u00e9ho videa. Aby bylo mo\u017en\u00e9 ob\u011b kamery [&hellip;]<\/p>\n","protected":false},"author":7,"featured_media":1353,"comment_status":"closed","ping_status":"open","sticky":false,"template":"","format":"standard","meta":{"footnotes":""},"categories":[1],"tags":[],"class_list":["post-1351","post","type-post","status-publish","format-standard","has-post-thumbnail","hentry","category-news"],"_links":{"self":[{"href":"https:\/\/www.iim.cz\/cs\/wp-json\/wp\/v2\/posts\/1351","targetHints":{"allow":["GET"]}}],"collection":[{"href":"https:\/\/www.iim.cz\/cs\/wp-json\/wp\/v2\/posts"}],"about":[{"href":"https:\/\/www.iim.cz\/cs\/wp-json\/wp\/v2\/types\/post"}],"author":[{"embeddable":true,"href":"https:\/\/www.iim.cz\/cs\/wp-json\/wp\/v2\/users\/7"}],"replies":[{"embeddable":true,"href":"https:\/\/www.iim.cz\/cs\/wp-json\/wp\/v2\/comments?post=1351"}],"version-history":[{"count":2,"href":"https:\/\/www.iim.cz\/cs\/wp-json\/wp\/v2\/posts\/1351\/revisions"}],"predecessor-version":[{"id":1355,"href":"https:\/\/www.iim.cz\/cs\/wp-json\/wp\/v2\/posts\/1351\/revisions\/1355"}],"wp:featuredmedia":[{"embeddable":true,"href":"https:\/\/www.iim.cz\/cs\/wp-json\/wp\/v2\/media\/1353"}],"wp:attachment":[{"href":"https:\/\/www.iim.cz\/cs\/wp-json\/wp\/v2\/media?parent=1351"}],"wp:term":[{"taxonomy":"category","embeddable":true,"href":"https:\/\/www.iim.cz\/cs\/wp-json\/wp\/v2\/categories?post=1351"},{"taxonomy":"post_tag","embeddable":true,"href":"https:\/\/www.iim.cz\/cs\/wp-json\/wp\/v2\/tags?post=1351"}],"curies":[{"name":"wp","href":"https:\/\/api.w.org\/{rel}","templated":true}]}}