{"id":1356,"date":"2017-06-16T11:02:36","date_gmt":"2017-06-16T10:02:36","guid":{"rendered":"https:\/\/www.iim.cz\/?p=1356"},"modified":"2017-06-16T11:02:36","modified_gmt":"2017-06-16T10:02:36","slug":"letosni-fel-fest-v-iim","status":"publish","type":"post","link":"https:\/\/www.iim.cz\/cs\/letosni-fel-fest-v-iim\/","title":{"rendered":"Leto\u0161n\u00ed FEL FEST v IIM"},"content":{"rendered":"<p>Na leto\u0161n\u00edm FEL FESTU jmse p\u0159edstavili 3D kamerov\u00fd rig ve venkovn\u00ed expozici a dva koncerty \u010di prezentace multikan\u00e1lov\u00fdch hudebn\u00edch a zvukov\u00fdch experiment\u016f. Michal C\u00e1b sezn\u00e1mil n\u00e1v\u0161t\u011bvn\u00edky s projektem osmikan\u00e1lov\u00e9ho zvuku. Jan Trojan, Miro T\u00f3th a Michal Rataj uvedli skladby projektu akusmonium se syst\u00e9mem robotizovan\u00fdch reproduktor\u016f. Dal\u0161\u00ed fotografie na na\u0161em <a href=\"https:\/\/www.facebook.com\/institute.of.intermedia\/?ref=aymt_homepage_panel\"><strong>Facebooku<\/strong><\/a><\/p>\n<p><img decoding=\"async\" class=\"alignleft\" src=\"https:\/\/www.iim.cz\/wp-content\/uploads\/2017\/06\/IMAG5863-350x210.jpg\" \/><\/p>","protected":false},"excerpt":{"rendered":"<p>Na leto\u0161n\u00edm FEL FESTU jmse p\u0159edstavili 3D kamerov\u00fd rig ve venkovn\u00ed expozici a dva koncerty \u010di prezentace multikan\u00e1lov\u00fdch hudebn\u00edch a zvukov\u00fdch experiment\u016f. Michal C\u00e1b sezn\u00e1mil n\u00e1v\u0161t\u011bvn\u00edky s projektem osmikan\u00e1lov\u00e9ho zvuku. Jan Trojan, Miro T\u00f3th a Michal Rataj uvedli skladby projektu akusmonium se syst\u00e9mem robotizovan\u00fdch reproduktor\u016f. Dal\u0161\u00ed fotografie na na\u0161em Facebooku<\/p>\n","protected":false},"author":7,"featured_media":1358,"comment_status":"closed","ping_status":"open","sticky":false,"template":"","format":"standard","meta":{"footnotes":""},"categories":[1],"tags":[],"class_list":["post-1356","post","type-post","status-publish","format-standard","has-post-thumbnail","hentry","category-news"],"_links":{"self":[{"href":"https:\/\/www.iim.cz\/cs\/wp-json\/wp\/v2\/posts\/1356","targetHints":{"allow":["GET"]}}],"collection":[{"href":"https:\/\/www.iim.cz\/cs\/wp-json\/wp\/v2\/posts"}],"about":[{"href":"https:\/\/www.iim.cz\/cs\/wp-json\/wp\/v2\/types\/post"}],"author":[{"embeddable":true,"href":"https:\/\/www.iim.cz\/cs\/wp-json\/wp\/v2\/users\/7"}],"replies":[{"embeddable":true,"href":"https:\/\/www.iim.cz\/cs\/wp-json\/wp\/v2\/comments?post=1356"}],"version-history":[{"count":1,"href":"https:\/\/www.iim.cz\/cs\/wp-json\/wp\/v2\/posts\/1356\/revisions"}],"predecessor-version":[{"id":1359,"href":"https:\/\/www.iim.cz\/cs\/wp-json\/wp\/v2\/posts\/1356\/revisions\/1359"}],"wp:featuredmedia":[{"embeddable":true,"href":"https:\/\/www.iim.cz\/cs\/wp-json\/wp\/v2\/media\/1358"}],"wp:attachment":[{"href":"https:\/\/www.iim.cz\/cs\/wp-json\/wp\/v2\/media?parent=1356"}],"wp:term":[{"taxonomy":"category","embeddable":true,"href":"https:\/\/www.iim.cz\/cs\/wp-json\/wp\/v2\/categories?post=1356"},{"taxonomy":"post_tag","embeddable":true,"href":"https:\/\/www.iim.cz\/cs\/wp-json\/wp\/v2\/tags?post=1356"}],"curies":[{"name":"wp","href":"https:\/\/api.w.org\/{rel}","templated":true}]}}