{"id":1363,"date":"2017-06-29T13:25:07","date_gmt":"2017-06-29T12:25:07","guid":{"rendered":"https:\/\/www.iim.cz\/?p=1363"},"modified":"2017-06-29T13:25:07","modified_gmt":"2017-06-29T12:25:07","slug":"v-cervenci-a-srpnu-se-nepujcuje-technika","status":"publish","type":"post","link":"https:\/\/www.iim.cz\/cs\/v-cervenci-a-srpnu-se-nepujcuje-technika\/","title":{"rendered":"V \u010dervenci a srpnu se nep\u016fj\u010duje technika"},"content":{"rendered":"<p>P\u016fj\u010dovna technika v IIM se b\u011bhem pr\u00e1zdnin zav\u00edr\u00e1 !<\/p>\n<p>V \u010dervenci a srpnu nep\u016fj\u010dujeme! Zap\u016fj\u010denou techniku urychlen\u011b vra\u0165te, v\u00fdjimky pros\u00edm domluvit na <a href=\"mailto:rezervace@iim.cz\">rezervace@iim.cz<\/a> !<\/p>\n<p><img decoding=\"async\" class=\"alignleft\" src=\"https:\/\/www.iim.cz\/wp-content\/uploads\/2017\/06\/images.jpg\" \/><\/p>","protected":false},"excerpt":{"rendered":"<p>P\u016fj\u010dovna technika v IIM se b\u011bhem pr\u00e1zdnin zav\u00edr\u00e1 ! V \u010dervenci a srpnu nep\u016fj\u010dujeme! Zap\u016fj\u010denou techniku urychlen\u011b vra\u0165te, v\u00fdjimky pros\u00edm domluvit na rezervace@iim.cz !<\/p>\n","protected":false},"author":7,"featured_media":1364,"comment_status":"closed","ping_status":"open","sticky":false,"template":"","format":"standard","meta":{"footnotes":""},"categories":[1],"tags":[],"class_list":["post-1363","post","type-post","status-publish","format-standard","has-post-thumbnail","hentry","category-news"],"_links":{"self":[{"href":"https:\/\/www.iim.cz\/cs\/wp-json\/wp\/v2\/posts\/1363","targetHints":{"allow":["GET"]}}],"collection":[{"href":"https:\/\/www.iim.cz\/cs\/wp-json\/wp\/v2\/posts"}],"about":[{"href":"https:\/\/www.iim.cz\/cs\/wp-json\/wp\/v2\/types\/post"}],"author":[{"embeddable":true,"href":"https:\/\/www.iim.cz\/cs\/wp-json\/wp\/v2\/users\/7"}],"replies":[{"embeddable":true,"href":"https:\/\/www.iim.cz\/cs\/wp-json\/wp\/v2\/comments?post=1363"}],"version-history":[{"count":1,"href":"https:\/\/www.iim.cz\/cs\/wp-json\/wp\/v2\/posts\/1363\/revisions"}],"predecessor-version":[{"id":1365,"href":"https:\/\/www.iim.cz\/cs\/wp-json\/wp\/v2\/posts\/1363\/revisions\/1365"}],"wp:featuredmedia":[{"embeddable":true,"href":"https:\/\/www.iim.cz\/cs\/wp-json\/wp\/v2\/media\/1364"}],"wp:attachment":[{"href":"https:\/\/www.iim.cz\/cs\/wp-json\/wp\/v2\/media?parent=1363"}],"wp:term":[{"taxonomy":"category","embeddable":true,"href":"https:\/\/www.iim.cz\/cs\/wp-json\/wp\/v2\/categories?post=1363"},{"taxonomy":"post_tag","embeddable":true,"href":"https:\/\/www.iim.cz\/cs\/wp-json\/wp\/v2\/tags?post=1363"}],"curies":[{"name":"wp","href":"https:\/\/api.w.org\/{rel}","templated":true}]}}