{"id":1412,"date":"2018-01-31T09:53:47","date_gmt":"2018-01-31T08:53:47","guid":{"rendered":"https:\/\/www.iim.cz\/?p=1412"},"modified":"2018-02-01T16:04:36","modified_gmt":"2018-02-01T15:04:36","slug":"5-2-9-2-se-nepujcuje-technika","status":"publish","type":"post","link":"https:\/\/www.iim.cz\/cs\/5-2-9-2-se-nepujcuje-technika\/","title":{"rendered":"5.2.-9.2. se nep\u016fj\u010duje technika !!!!"},"content":{"rendered":"<p><strong>Z technick\u00fdch d\u016fvodu jsou v t\u00fddnu 5.2. 2018 a\u017e 9.2. 2018 v\u00fdp\u016fj\u010dky pozastaveny.<\/strong><\/p>\n<p><strong>Od 12.2. 2018 prob\u00edhaj\u00ed op\u011bt v\u00fdp\u016fj\u010dky v b\u011b\u017en\u00e9m re\u017eimu.<\/strong><\/p>","protected":false},"excerpt":{"rendered":"<p>Z technick\u00fdch d\u016fvodu jsou v t\u00fddnu 5.2. 2018 a\u017e 9.2. 2018 v\u00fdp\u016fj\u010dky pozastaveny. Od 12.2. 2018 prob\u00edhaj\u00ed op\u011bt v\u00fdp\u016fj\u010dky v b\u011b\u017en\u00e9m re\u017eimu.<\/p>\n","protected":false},"author":7,"featured_media":1413,"comment_status":"closed","ping_status":"open","sticky":false,"template":"","format":"standard","meta":{"footnotes":""},"categories":[1],"tags":[],"class_list":["post-1412","post","type-post","status-publish","format-standard","has-post-thumbnail","hentry","category-news"],"_links":{"self":[{"href":"https:\/\/www.iim.cz\/cs\/wp-json\/wp\/v2\/posts\/1412","targetHints":{"allow":["GET"]}}],"collection":[{"href":"https:\/\/www.iim.cz\/cs\/wp-json\/wp\/v2\/posts"}],"about":[{"href":"https:\/\/www.iim.cz\/cs\/wp-json\/wp\/v2\/types\/post"}],"author":[{"embeddable":true,"href":"https:\/\/www.iim.cz\/cs\/wp-json\/wp\/v2\/users\/7"}],"replies":[{"embeddable":true,"href":"https:\/\/www.iim.cz\/cs\/wp-json\/wp\/v2\/comments?post=1412"}],"version-history":[{"count":4,"href":"https:\/\/www.iim.cz\/cs\/wp-json\/wp\/v2\/posts\/1412\/revisions"}],"predecessor-version":[{"id":1418,"href":"https:\/\/www.iim.cz\/cs\/wp-json\/wp\/v2\/posts\/1412\/revisions\/1418"}],"wp:featuredmedia":[{"embeddable":true,"href":"https:\/\/www.iim.cz\/cs\/wp-json\/wp\/v2\/media\/1413"}],"wp:attachment":[{"href":"https:\/\/www.iim.cz\/cs\/wp-json\/wp\/v2\/media?parent=1412"}],"wp:term":[{"taxonomy":"category","embeddable":true,"href":"https:\/\/www.iim.cz\/cs\/wp-json\/wp\/v2\/categories?post=1412"},{"taxonomy":"post_tag","embeddable":true,"href":"https:\/\/www.iim.cz\/cs\/wp-json\/wp\/v2\/tags?post=1412"}],"curies":[{"name":"wp","href":"https:\/\/api.w.org\/{rel}","templated":true}]}}