{"id":1469,"date":"2018-06-13T09:54:47","date_gmt":"2018-06-13T08:54:47","guid":{"rendered":"https:\/\/www.iim.cz\/?p=1469"},"modified":"2018-06-13T09:58:22","modified_gmt":"2018-06-13T08:58:22","slug":"7-blize-nespecifikovatelnych-projektu-odehravajicich-se-prevazne-ve-tme-18-6-19-6-2018","status":"publish","type":"post","link":"https:\/\/www.iim.cz\/cs\/7-blize-nespecifikovatelnych-projektu-odehravajicich-se-prevazne-ve-tme-18-6-19-6-2018\/","title":{"rendered":"7 bl\u00ed\u017ee nespecifikovateln\u00fdch projekt\u016f odehr\u00e1vaj\u00edc\u00edch se p\u0159ev\u00e1\u017en\u011b ve tm\u011b 18.6. &#8211; 19.6. 2018"},"content":{"rendered":"<p><\/p>\n<p style=\"margin: 0cm; margin-bottom: .0001pt;\"><b><span style=\"font-size: 11.0pt; font-family: 'Arial',sans-serif; color: black;\">18.6. &#8211; 19.6. 2018<\/span><\/b><\/p>\n<p style=\"margin: 0cm; margin-bottom: .0001pt;\"><span style=\"white-space: pre-wrap;\"><b><span style=\"font-size: 11.0pt; font-family: 'Arial',sans-serif; color: black;\">Vernis\u00e1\u017e <\/span><\/b><b><span style=\"font-size: 11.0pt; font-family: 'Arial',sans-serif; color: black;\">18:6. v 18:00<\/span><\/b><\/span><\/p>\n<p style=\"margin: 0cm; margin-bottom: .0001pt;\">Jak mezioborov\u00e1 spolupr\u00e1ce student\u016f technick\u00fdch a um\u011bleck\u00fdch \u0161kol vypad\u00e1? Zhl\u00e9dn\u011bte pr\u00e1ce t\u00fdm\u016f student\u016f (a pedagog\u016f) DAMU, FAMU, HAMU, FUD UJEP, UMPRUM, FEL a FA \u010cVUT v medialaborato\u0159i Institutu interm\u00e9di\u00ed. V\u00fdstupy z p\u0159edm\u011btu Intermedi\u00e1ln\u00ed tvorba a technologie 2018.<\/p>\n<p>P\u0159ij\u010fte se pod\u00edvat na jednodenn\u00ed v\u00fdstavu do kampusu Hybernsk\u00e1 4. t\u00e9ma: zp\u016fsoby interakce \u010dlov\u011bka a prost\u0159ed\u00ed.<\/p>\n<p>zah\u00e1jen\u00ed: POND\u011aL\u00cd 18.6. od 18:00<br \/>\nPROGRAM:<\/p>\n<p>18:00 p\u0159edstaven\u00ed dua<strong><a href=\"http:\/\/pierre.berthet.be\/,\u00a0http:\/\/www.rienakajima.com\/\"> Pierre Berthet a RIe Nakajima (Belgie a Japonsko)<\/a><\/strong><br \/>\n18:30 \u201cPLECHOVKA\u201d koncert<br \/>\n19:00 DIVADLO<br \/>\n20:00 DIVADLO<\/p>\n<p>vystavuj\u00edc\u00ed: Nikola Lourkov\u00e1, Tereza S\u00fdkorov\u00e1, Ladislav Bene\u0161, Martina Sta\u0148kov\u00e1, Daniel Burda, Ondra Menou\u0161ek, Tereza Seitzerov\u00e1, V\u00e1clav Sv\u011btl\u00edk, Filip Trefil, Franti\u0161ka M\u00e1l\u00e1skov\u00e1, Viktorie Drdov\u00e1, Jan Kv\u00edz, Luciana Kvapilov\u00e1, Martin Du\u0161ek, \u0160t\u011bp\u00e1n Gajdo\u0161, Marieta Tedenac, Zden\u011bk R\u016f\u017ei\u010dka, a dal\u0161\u00ed&#8230;<\/p>\n<p>V\u00fdstava je otev\u0159en\u00e1 v \u00fater\u00fd den 19.6. od 12h do 19h<br \/>\nVstupn\u00e9 zdarma<\/p>","protected":false},"excerpt":{"rendered":"<p>18.6. &#8211; 19.6. 2018 Vernis\u00e1\u017e 18:6. v 18:00 Jak mezioborov\u00e1 spolupr\u00e1ce student\u016f technick\u00fdch a um\u011bleck\u00fdch \u0161kol vypad\u00e1? Zhl\u00e9dn\u011bte pr\u00e1ce t\u00fdm\u016f student\u016f (a pedagog\u016f) DAMU, FAMU, HAMU, FUD UJEP, UMPRUM, FEL a FA \u010cVUT v medialaborato\u0159i Institutu interm\u00e9di\u00ed. V\u00fdstupy z p\u0159edm\u011btu Intermedi\u00e1ln\u00ed tvorba a technologie 2018. P\u0159ij\u010fte se pod\u00edvat na jednodenn\u00ed v\u00fdstavu do kampusu Hybernsk\u00e1 4. [&hellip;]<\/p>\n","protected":false},"author":7,"featured_media":1458,"comment_status":"closed","ping_status":"open","sticky":false,"template":"","format":"standard","meta":{"footnotes":""},"categories":[1],"tags":[],"class_list":["post-1469","post","type-post","status-publish","format-standard","has-post-thumbnail","hentry","category-news"],"_links":{"self":[{"href":"https:\/\/www.iim.cz\/cs\/wp-json\/wp\/v2\/posts\/1469","targetHints":{"allow":["GET"]}}],"collection":[{"href":"https:\/\/www.iim.cz\/cs\/wp-json\/wp\/v2\/posts"}],"about":[{"href":"https:\/\/www.iim.cz\/cs\/wp-json\/wp\/v2\/types\/post"}],"author":[{"embeddable":true,"href":"https:\/\/www.iim.cz\/cs\/wp-json\/wp\/v2\/users\/7"}],"replies":[{"embeddable":true,"href":"https:\/\/www.iim.cz\/cs\/wp-json\/wp\/v2\/comments?post=1469"}],"version-history":[{"count":2,"href":"https:\/\/www.iim.cz\/cs\/wp-json\/wp\/v2\/posts\/1469\/revisions"}],"predecessor-version":[{"id":1471,"href":"https:\/\/www.iim.cz\/cs\/wp-json\/wp\/v2\/posts\/1469\/revisions\/1471"}],"wp:featuredmedia":[{"embeddable":true,"href":"https:\/\/www.iim.cz\/cs\/wp-json\/wp\/v2\/media\/1458"}],"wp:attachment":[{"href":"https:\/\/www.iim.cz\/cs\/wp-json\/wp\/v2\/media?parent=1469"}],"wp:term":[{"taxonomy":"category","embeddable":true,"href":"https:\/\/www.iim.cz\/cs\/wp-json\/wp\/v2\/categories?post=1469"},{"taxonomy":"post_tag","embeddable":true,"href":"https:\/\/www.iim.cz\/cs\/wp-json\/wp\/v2\/tags?post=1469"}],"curies":[{"name":"wp","href":"https:\/\/api.w.org\/{rel}","templated":true}]}}