{"id":1581,"date":"2019-05-23T10:18:44","date_gmt":"2019-05-23T09:18:44","guid":{"rendered":"https:\/\/www.iim.cz\/?p=1581"},"modified":"2019-05-23T10:36:49","modified_gmt":"2019-05-23T09:36:49","slug":"v-brne-zacala-vystava-laterna-magika-dekonstrukce-a-aktualizace","status":"publish","type":"post","link":"https:\/\/www.iim.cz\/cs\/v-brne-zacala-vystava-laterna-magika-dekonstrukce-a-aktualizace\/","title":{"rendered":"V Brn\u011b za\u010dala v\u00fdstava LATERNA MAGIKA &#8211; Dekonstrukce a aktualizace"},"content":{"rendered":"<p><a href=\"http:\/\/www.dum-umeni.cz\/cz\/vystavy\/detail\/id\/499\">LATERNA MAGIKA &#8211; Dekonstrukce a aktualizace<\/a> &#8211; to je n\u00e1zev v\u00fdstavy dlouhodob\u00e9ho projektu N\u00e1rodn\u00edho filmov\u00e9ho arch\u00edvu, Laterny Magiky a Insitutu interm\u00e9di\u00ed.<\/p>\n<p><a href=\"http:\/\/www.dum-umeni.cz\/cz\/vystavy\/detail\/id\/499\">V\u00fdstava<\/a>, kter\u00e1 si d\u00e1v\u00e1 za c\u00edl dekonstruovat fenom\u00e9n multimedi\u00e1ln\u00edho divadla, kter\u00e9 vzniklo na zak\u00e1zku jako v\u00fdstavn\u00ed projekt pro EXPO 1958, za\u010dala v brn\u011bnsk\u00e9m Dom\u011b um\u011bn\u00ed 15. kv\u011btna a potrv\u00e1 do 28. \u010dervence 2019.<\/p>\n<p>Laterna magika je ch\u00e1p\u00e1na jako mnohovrstevnat\u00fd fenom\u00e9n: instituce, politikum, vyn\u00e1lez, (multi)m\u00e9dium, form\u00e1t, um\u011bleck\u00fd druh, komponovan\u00e1 estr\u00e1da i kritick\u00e1 praxe. C\u00edlem v\u00fdstavy je uk\u00e1z\u00e1n\u00ed jednotliv\u00fdch faset Laterny magiky; jej\u00ed dekonstrukce a aktualizace.<\/p>\n<p>Institut interm\u00e9di\u00ed byl technologick\u00fdm partnerem projektu, jeho\u017e \u00fakolem byl v\u00fdvoj aplikace pro prezentaci rekonstruovan\u00fdch multimedi\u00e1ln\u00edch p\u0159edstaven\u00ed Laterny Magiky ve form\u011b 3D animac\u00ed a virtu\u00e1ln\u00ed reality.<\/p>\n<p>Na jejich podob\u011b se d\u00e1le pod\u00edleli choreografka a tane\u010dnice Mark\u00e9ta Kuttnerov\u00e1 nebo designer Jozef Mrva ml.<\/p>\n<p>Na v\u00fdstav\u011b v Dom\u011b um\u011bn\u00ed mohou n\u00e1v\u0161t\u011bvn\u00edci vid\u011bt mj. pr\u00e1v\u011b i tyto v\u00fdstupy.<\/p>","protected":false},"excerpt":{"rendered":"<p>LATERNA MAGIKA &#8211; Dekonstrukce a aktualizace &#8211; to je n\u00e1zev v\u00fdstavy dlouhodob\u00e9ho projektu N\u00e1rodn\u00edho filmov\u00e9ho arch\u00edvu, Laterny Magiky a Insitutu interm\u00e9di\u00ed. V\u00fdstava, kter\u00e1 si d\u00e1v\u00e1 za c\u00edl dekonstruovat fenom\u00e9n multimedi\u00e1ln\u00edho divadla, kter\u00e9 vzniklo na zak\u00e1zku jako v\u00fdstavn\u00ed projekt pro EXPO 1958, za\u010dala v brn\u011bnsk\u00e9m Dom\u011b um\u011bn\u00ed 15. kv\u011btna a potrv\u00e1 do 28. \u010dervence 2019. Laterna [&hellip;]<\/p>\n","protected":false},"author":9,"featured_media":1585,"comment_status":"closed","ping_status":"open","sticky":false,"template":"","format":"standard","meta":{"footnotes":""},"categories":[1],"tags":[],"class_list":["post-1581","post","type-post","status-publish","format-standard","has-post-thumbnail","hentry","category-news"],"_links":{"self":[{"href":"https:\/\/www.iim.cz\/cs\/wp-json\/wp\/v2\/posts\/1581","targetHints":{"allow":["GET"]}}],"collection":[{"href":"https:\/\/www.iim.cz\/cs\/wp-json\/wp\/v2\/posts"}],"about":[{"href":"https:\/\/www.iim.cz\/cs\/wp-json\/wp\/v2\/types\/post"}],"author":[{"embeddable":true,"href":"https:\/\/www.iim.cz\/cs\/wp-json\/wp\/v2\/users\/9"}],"replies":[{"embeddable":true,"href":"https:\/\/www.iim.cz\/cs\/wp-json\/wp\/v2\/comments?post=1581"}],"version-history":[{"count":4,"href":"https:\/\/www.iim.cz\/cs\/wp-json\/wp\/v2\/posts\/1581\/revisions"}],"predecessor-version":[{"id":1587,"href":"https:\/\/www.iim.cz\/cs\/wp-json\/wp\/v2\/posts\/1581\/revisions\/1587"}],"wp:featuredmedia":[{"embeddable":true,"href":"https:\/\/www.iim.cz\/cs\/wp-json\/wp\/v2\/media\/1585"}],"wp:attachment":[{"href":"https:\/\/www.iim.cz\/cs\/wp-json\/wp\/v2\/media?parent=1581"}],"wp:term":[{"taxonomy":"category","embeddable":true,"href":"https:\/\/www.iim.cz\/cs\/wp-json\/wp\/v2\/categories?post=1581"},{"taxonomy":"post_tag","embeddable":true,"href":"https:\/\/www.iim.cz\/cs\/wp-json\/wp\/v2\/tags?post=1581"}],"curies":[{"name":"wp","href":"https:\/\/api.w.org\/{rel}","templated":true}]}}