{"id":1596,"date":"2019-06-06T09:41:27","date_gmt":"2019-06-06T08:41:27","guid":{"rendered":"https:\/\/www.iim.cz\/?p=1596"},"modified":"2019-06-06T10:47:57","modified_gmt":"2019-06-06T09:47:57","slug":"ultimate-antitool-kolektivni-studentska-vystava","status":"publish","type":"post","link":"https:\/\/www.iim.cz\/cs\/ultimate-antitool-kolektivni-studentska-vystava\/","title":{"rendered":"ULTIMATE ANTITOOL &#8211; kolektivn\u00ed studentsk\u00e1 v\u00fdstava"},"content":{"rendered":"<p><strong>Kolektivn\u00ed asambl\u00e1\u017e kinetick\u00fdch a sv\u011bteln\u00fdch objekt\u016f se interaktivn\u00ed a hravou formou veze na tobog\u00e1nu nezastavitelnosti. Instalace je vytvo\u0159ena z odpadu v\u0161eho druhu, kter\u00fd je transformov\u00e1n v antihmotu. Soubor n\u011bkolika propojen\u00fdch instalac\u00ed vznikl spoluprac\u00ed student\u016f DAMU, UMPRUM, AVU, FAMU a FEL \u010cVUT v r\u00e1mci p\u0159edm\u011btu Intermedi\u00e1ln\u00ed tvorba a technologie.<\/strong><\/p>\n<p><a href=\"https:\/\/www.pq.cz\/cs\/projekty\/event-detail-cz\/?exhibition=510&amp;day=mon-10\"><strong>Vernis\u00e1\u017e v pond\u011bl\u00ed 10. \u010dervna od 18 hodin. V\u00fdstava trv\u00e1 jen do 13. \u010dervna v prostor\u00e1ch DAMU.<\/strong><\/a><\/p>\n<p>V\u00fdb\u011br t\u00e9matu vych\u00e1z\u00ed z na\u0161eho spole\u010dn\u00e9ho z\u00e1jmu o hled\u00e1n\u00ed nov\u00e9ho smyslu pro p\u0159edm\u011bty, kter\u00e9 u\u017e ztratily p\u016fvodn\u00ed \u00fa\u010del a smysl. Takov\u00fdch p\u0159edm\u011bt\u016f na\u0161e spole\u010dnost generuje nep\u0159edstaviteln\u00e9 mno\u017estv\u00ed. P\u0159esto, \u017ee jsme p\u0159edm\u011bty z\u00edsk\u00e1vali ze skl\u00e1dek, byla v\u011bt\u0161ina z nich pln\u011b funk\u010dn\u00edch. V na\u0161em projektu bychom cht\u011bli symbolicky podpo\u0159it kreativn\u011bj\u0161\u00ed nakl\u00e1d\u00e1n\u00ed s v\u011bcmi a omezit zbyte\u010dn\u00e9 vyhazov\u00e1n\u00ed p\u0159edm\u011bt\u016f, kter\u00e9 se daj\u00ed bu\u010f opravit, nebo p\u0159etvo\u0159it k jin\u00fdm \u00fa\u010del\u016fm. V\u0161e nasv\u011bd\u010duje tomu, \u017ee n\u00e1\u0161 sou\u010dasn\u00fd konzumn\u00ed zp\u016fsob \u017eivota je dlouhodob\u011b neudr\u017eiteln\u00fd.<\/p>\n<p><strong>Jednotliv\u00e9 instalace jsou vz\u00e1jemn\u011b propojeny. Hledej tajn\u00fd k\u00f3d a mo\u017en\u00e1 vyhraje\u0161.<\/strong><\/p>\n<p><strong>T\u00fdm: David \u0160ibrava, Veronika Traburov\u00e1, Jakub \u0160ul\u00edk, Tereza Havlov\u00e1, Johana B\u00e1rtov\u00e1, Zuzana \u0160kl\u00edbov\u00e1, Emil Rothermel, Louis Traore, Ane\u017eka Konr\u00e1dov\u00e1, Dominik Bek, Tom\u00e1\u0161 Rampula, Michelle Tseng, Mark\u00e9ta Vychodilov\u00e1, Antonie Stanov\u00e1<\/strong><\/p>\n<p><strong>Podpora: Roman Berka, Jitka Posp\u00ed\u0161ilov\u00e1, Jakub Hybler, Milo\u0161 Vojt\u011bchovsk\u00fd, Vlastimil Bartas<\/strong><\/p>\n<p>&nbsp;<\/p>\n","protected":false},"excerpt":{"rendered":"<p>Kolektivn\u00ed asambl\u00e1\u017e kinetick\u00fdch a sv\u011bteln\u00fdch objekt\u016f se interaktivn\u00ed a hravou formou veze na tobog\u00e1nu nezastavitelnosti. Instalace je vytvo\u0159ena z odpadu v\u0161eho druhu, kter\u00fd je transformov\u00e1n v antihmotu. Soubor n\u011bkolika propojen\u00fdch instalac\u00ed vznikl spoluprac\u00ed student\u016f DAMU, UMPRUM, AVU, FAMU a FEL \u010cVUT v r\u00e1mci p\u0159edm\u011btu Intermedi\u00e1ln\u00ed tvorba a technologie. Vernis\u00e1\u017e v pond\u011bl\u00ed 10. \u010dervna od 18 [&hellip;]<\/p>\n","protected":false},"author":9,"featured_media":1597,"comment_status":"closed","ping_status":"open","sticky":false,"template":"","format":"standard","meta":{"footnotes":""},"categories":[1],"tags":[],"class_list":["post-1596","post","type-post","status-publish","format-standard","has-post-thumbnail","hentry","category-news"],"_links":{"self":[{"href":"https:\/\/www.iim.cz\/cs\/wp-json\/wp\/v2\/posts\/1596","targetHints":{"allow":["GET"]}}],"collection":[{"href":"https:\/\/www.iim.cz\/cs\/wp-json\/wp\/v2\/posts"}],"about":[{"href":"https:\/\/www.iim.cz\/cs\/wp-json\/wp\/v2\/types\/post"}],"author":[{"embeddable":true,"href":"https:\/\/www.iim.cz\/cs\/wp-json\/wp\/v2\/users\/9"}],"replies":[{"embeddable":true,"href":"https:\/\/www.iim.cz\/cs\/wp-json\/wp\/v2\/comments?post=1596"}],"version-history":[{"count":3,"href":"https:\/\/www.iim.cz\/cs\/wp-json\/wp\/v2\/posts\/1596\/revisions"}],"predecessor-version":[{"id":1606,"href":"https:\/\/www.iim.cz\/cs\/wp-json\/wp\/v2\/posts\/1596\/revisions\/1606"}],"wp:featuredmedia":[{"embeddable":true,"href":"https:\/\/www.iim.cz\/cs\/wp-json\/wp\/v2\/media\/1597"}],"wp:attachment":[{"href":"https:\/\/www.iim.cz\/cs\/wp-json\/wp\/v2\/media?parent=1596"}],"wp:term":[{"taxonomy":"category","embeddable":true,"href":"https:\/\/www.iim.cz\/cs\/wp-json\/wp\/v2\/categories?post=1596"},{"taxonomy":"post_tag","embeddable":true,"href":"https:\/\/www.iim.cz\/cs\/wp-json\/wp\/v2\/tags?post=1596"}],"curies":[{"name":"wp","href":"https:\/\/api.w.org\/{rel}","templated":true}]}}