{"id":1617,"date":"2019-07-09T13:59:57","date_gmt":"2019-07-09T12:59:57","guid":{"rendered":"https:\/\/www.iim.cz\/?p=1617"},"modified":"2019-07-09T14:01:41","modified_gmt":"2019-07-09T13:01:41","slug":"oceneni-pro-stanek-iim-z-maker-faire-praha","status":"publish","type":"post","link":"https:\/\/www.iim.cz\/cs\/oceneni-pro-stanek-iim-z-maker-faire-praha\/","title":{"rendered":"Ocen\u011bn\u00ed pro st\u00e1nek IIM z Maker Faire Praha"},"content":{"rendered":"<p>Kolegov\u00e9 Jakub Hybler a David \u0160ibrava nav\u0161t\u00edvili p\u0159edposledn\u00ed \u010dervnov\u00fd v\u00edkend veletrh Maker Faire Praha 2019. Jakub Hybler pro n\u00e1\u0161 st\u00e1nek p\u0159ipravil workshop bastlen\u00ed, kde si jak on, tak i n\u00e1v\u0161t\u011bvn\u00edci mohli naprogramovat jednoduchou &#8222;hra\u010dku&#8220; &#8211; kv\u011btinu, kter\u00e1 reaguje na sv\u011btlo.<\/p>\n<p>V z\u00e1palu bastlen\u00ed je\u0161t\u011b na m\u00edst\u011b p\u0159ipravil i dal\u0161\u00ed vychyt\u00e1vku &#8211; tzv. banana piano z \u010derstv\u00e9ho ovoce.<\/p>\n<p>Za st\u00e1nek pak z\u00edskal ocen\u011bn\u00ed Maker of Merit. Gratulujeme<\/p>","protected":false},"excerpt":{"rendered":"<p>Kolegov\u00e9 Jakub Hybler a David \u0160ibrava nav\u0161t\u00edvili p\u0159edposledn\u00ed \u010dervnov\u00fd v\u00edkend veletrh Maker Faire Praha 2019. Jakub Hybler pro n\u00e1\u0161 st\u00e1nek p\u0159ipravil workshop bastlen\u00ed, kde si jak on, tak i n\u00e1v\u0161t\u011bvn\u00edci mohli naprogramovat jednoduchou &#8222;hra\u010dku&#8220; &#8211; kv\u011btinu, kter\u00e1 reaguje na sv\u011btlo. V z\u00e1palu bastlen\u00ed je\u0161t\u011b na m\u00edst\u011b p\u0159ipravil i dal\u0161\u00ed vychyt\u00e1vku &#8211; tzv. banana piano z [&hellip;]<\/p>\n","protected":false},"author":9,"featured_media":1618,"comment_status":"closed","ping_status":"open","sticky":false,"template":"","format":"standard","meta":{"footnotes":""},"categories":[1],"tags":[],"class_list":["post-1617","post","type-post","status-publish","format-standard","has-post-thumbnail","hentry","category-news"],"_links":{"self":[{"href":"https:\/\/www.iim.cz\/cs\/wp-json\/wp\/v2\/posts\/1617","targetHints":{"allow":["GET"]}}],"collection":[{"href":"https:\/\/www.iim.cz\/cs\/wp-json\/wp\/v2\/posts"}],"about":[{"href":"https:\/\/www.iim.cz\/cs\/wp-json\/wp\/v2\/types\/post"}],"author":[{"embeddable":true,"href":"https:\/\/www.iim.cz\/cs\/wp-json\/wp\/v2\/users\/9"}],"replies":[{"embeddable":true,"href":"https:\/\/www.iim.cz\/cs\/wp-json\/wp\/v2\/comments?post=1617"}],"version-history":[{"count":3,"href":"https:\/\/www.iim.cz\/cs\/wp-json\/wp\/v2\/posts\/1617\/revisions"}],"predecessor-version":[{"id":1621,"href":"https:\/\/www.iim.cz\/cs\/wp-json\/wp\/v2\/posts\/1617\/revisions\/1621"}],"wp:featuredmedia":[{"embeddable":true,"href":"https:\/\/www.iim.cz\/cs\/wp-json\/wp\/v2\/media\/1618"}],"wp:attachment":[{"href":"https:\/\/www.iim.cz\/cs\/wp-json\/wp\/v2\/media?parent=1617"}],"wp:term":[{"taxonomy":"category","embeddable":true,"href":"https:\/\/www.iim.cz\/cs\/wp-json\/wp\/v2\/categories?post=1617"},{"taxonomy":"post_tag","embeddable":true,"href":"https:\/\/www.iim.cz\/cs\/wp-json\/wp\/v2\/tags?post=1617"}],"curies":[{"name":"wp","href":"https:\/\/api.w.org\/{rel}","templated":true}]}}