{"id":1720,"date":"2021-04-12T18:16:10","date_gmt":"2021-04-12T17:16:10","guid":{"rendered":"https:\/\/www.iim.cz\/?p=1720"},"modified":"2021-05-11T01:43:18","modified_gmt":"2021-05-11T00:43:18","slug":"tabula-rasa-hledani-spolecneho-jazyka-vedy-a-umeni","status":"publish","type":"post","link":"https:\/\/www.iim.cz\/cs\/tabula-rasa-hledani-spolecneho-jazyka-vedy-a-umeni\/","title":{"rendered":"Tabula rasa &#8211; hled\u00e1n\u00ed spole\u010dn\u00e9ho jazyka v\u011bdy a um\u011bn\u00ed"},"content":{"rendered":"<p><\/p>\n<div>S radost\u00ed oznamujeme, ze pr\u00e1v\u011b vy\u0161lo prvn\u00ed vyd\u00e1n\u00ed elektronick\u00e9 publikace Tabula rasa, jako prvn\u00ed ze \u010dty\u0159 um\u011bleck\u00fdch v\u00fdstup\u016f, kter\u00e9 reflektuj\u00ed my\u0161lenky a p\u0159edm\u011bt v\u00fdzkumu v oblasti \u010d\u00e1sticov\u00e9 fyziky. P\u0159\u00edsp\u011bvky vznikly v r\u00e1mci podprogramu Jazyk pro komunikaci V\u011aDA \u2013\u2060 UM\u011aN\u00cd \u2013\u2060 VE\u0158EJNOST projektu Centra pokro\u010dil\u00fdch<\/div>\n<p>aplikovan\u00fdch p\u0159\u00edrodn\u00edch v\u011bd (CAAS) a vedle Fakulty elektrotechnick\u00e9 (Institut interm\u00e9di\u00ed) na ni spolupracovala Fakulta jadern\u00e1 a fyzik\u00e1ln\u011b in\u017een\u00fdrsk\u00e1 a Fakulta architektury.<\/p>\n<p>Publikace se sta\u017een\u00ed:<\/p>\n<p><a href=\"https:\/\/www.iim.cz\/wp-content\/uploads\/2021\/04\/TABULA-RASA.pdf\">TABULA RASA<\/a><\/p>\n<p><img decoding=\"async\" class=\"alignnone\" src=\"https:\/\/www.iim.cz\/wp-content\/uploads\/2021\/04\/tabula.png\" \/><\/p>","protected":false},"excerpt":{"rendered":"<p>S radost\u00ed oznamujeme, ze pr\u00e1v\u011b vy\u0161lo prvn\u00ed vyd\u00e1n\u00ed elektronick\u00e9 publikace Tabula rasa, jako prvn\u00ed ze \u010dty\u0159 um\u011bleck\u00fdch v\u00fdstup\u016f, kter\u00e9 reflektuj\u00ed my\u0161lenky a p\u0159edm\u011bt v\u00fdzkumu v oblasti \u010d\u00e1sticov\u00e9 fyziky. P\u0159\u00edsp\u011bvky vznikly v r\u00e1mci podprogramu Jazyk pro komunikaci V\u011aDA \u2013\u2060 UM\u011aN\u00cd \u2013\u2060 VE\u0158EJNOST projektu Centra pokro\u010dil\u00fdch aplikovan\u00fdch p\u0159\u00edrodn\u00edch v\u011bd (CAAS) a vedle Fakulty elektrotechnick\u00e9 (Institut interm\u00e9di\u00ed) na [&hellip;]<\/p>\n","protected":false},"author":8,"featured_media":1813,"comment_status":"closed","ping_status":"open","sticky":false,"template":"","format":"standard","meta":{"footnotes":""},"categories":[1],"tags":[],"class_list":["post-1720","post","type-post","status-publish","format-standard","has-post-thumbnail","hentry","category-news"],"_links":{"self":[{"href":"https:\/\/www.iim.cz\/cs\/wp-json\/wp\/v2\/posts\/1720","targetHints":{"allow":["GET"]}}],"collection":[{"href":"https:\/\/www.iim.cz\/cs\/wp-json\/wp\/v2\/posts"}],"about":[{"href":"https:\/\/www.iim.cz\/cs\/wp-json\/wp\/v2\/types\/post"}],"author":[{"embeddable":true,"href":"https:\/\/www.iim.cz\/cs\/wp-json\/wp\/v2\/users\/8"}],"replies":[{"embeddable":true,"href":"https:\/\/www.iim.cz\/cs\/wp-json\/wp\/v2\/comments?post=1720"}],"version-history":[{"count":2,"href":"https:\/\/www.iim.cz\/cs\/wp-json\/wp\/v2\/posts\/1720\/revisions"}],"predecessor-version":[{"id":1814,"href":"https:\/\/www.iim.cz\/cs\/wp-json\/wp\/v2\/posts\/1720\/revisions\/1814"}],"wp:featuredmedia":[{"embeddable":true,"href":"https:\/\/www.iim.cz\/cs\/wp-json\/wp\/v2\/media\/1813"}],"wp:attachment":[{"href":"https:\/\/www.iim.cz\/cs\/wp-json\/wp\/v2\/media?parent=1720"}],"wp:term":[{"taxonomy":"category","embeddable":true,"href":"https:\/\/www.iim.cz\/cs\/wp-json\/wp\/v2\/categories?post=1720"},{"taxonomy":"post_tag","embeddable":true,"href":"https:\/\/www.iim.cz\/cs\/wp-json\/wp\/v2\/tags?post=1720"}],"curies":[{"name":"wp","href":"https:\/\/api.w.org\/{rel}","templated":true}]}}