{"id":1834,"date":"2021-11-04T14:49:04","date_gmt":"2021-11-04T13:49:04","guid":{"rendered":"https:\/\/www.iim.cz\/?p=1834"},"modified":"2021-12-16T15:00:03","modified_gmt":"2021-12-16T14:00:03","slug":"metaversum-misto-facebooku-prof-jiri-zara-v-dvtv","status":"publish","type":"post","link":"https:\/\/www.iim.cz\/cs\/metaversum-misto-facebooku-prof-jiri-zara-v-dvtv\/","title":{"rendered":"Metaversum m\u00edsto Facebooku? Prof. Ji\u0159\u00ed \u017d\u00e1ra v DVTV"},"content":{"rendered":"<p>Nejen o virtu\u00e1ln\u00ed realit\u011b si pov\u00eddala novin\u00e1\u0159ka Daniela P\u00edsa\u0159ovicov\u00e1 v DVTV s na\u0161\u00edm panem prof. Ji\u0159\u00ed \u017d\u00e1rou.<\/p>\n<p>Cel\u00fd z\u00e1znam naleznete zde:<\/p>\n<p>https:\/\/www.dvtv.cz\/video\/metaversum-misto-facebooku-jsem-skeptik-cekaji-nas-obrovska-spolecenska-rizika-mini-zara?fbclid=IwAR2hTuj6IC86zd-pMfzkAhS8JoffHztjdvbqEhR2y2ywRkdpL50WSOBLta85<\/p>","protected":false},"excerpt":{"rendered":"<p>Nejen o virtu\u00e1ln\u00ed realit\u011b si pov\u00eddala novin\u00e1\u0159ka Daniela P\u00edsa\u0159ovicov\u00e1 v DVTV s na\u0161\u00edm panem prof. Ji\u0159\u00ed \u017d\u00e1rou. Cel\u00fd z\u00e1znam naleznete zde: https:\/\/www.dvtv.cz\/video\/metaversum-misto-facebooku-jsem-skeptik-cekaji-nas-obrovska-spolecenska-rizika-mini-zara?fbclid=IwAR2hTuj6IC86zd-pMfzkAhS8JoffHztjdvbqEhR2y2ywRkdpL50WSOBLta85<\/p>\n","protected":false},"author":8,"featured_media":1835,"comment_status":"closed","ping_status":"open","sticky":false,"template":"","format":"standard","meta":{"footnotes":""},"categories":[1],"tags":[],"class_list":["post-1834","post","type-post","status-publish","format-standard","has-post-thumbnail","hentry","category-news"],"_links":{"self":[{"href":"https:\/\/www.iim.cz\/cs\/wp-json\/wp\/v2\/posts\/1834","targetHints":{"allow":["GET"]}}],"collection":[{"href":"https:\/\/www.iim.cz\/cs\/wp-json\/wp\/v2\/posts"}],"about":[{"href":"https:\/\/www.iim.cz\/cs\/wp-json\/wp\/v2\/types\/post"}],"author":[{"embeddable":true,"href":"https:\/\/www.iim.cz\/cs\/wp-json\/wp\/v2\/users\/8"}],"replies":[{"embeddable":true,"href":"https:\/\/www.iim.cz\/cs\/wp-json\/wp\/v2\/comments?post=1834"}],"version-history":[{"count":1,"href":"https:\/\/www.iim.cz\/cs\/wp-json\/wp\/v2\/posts\/1834\/revisions"}],"predecessor-version":[{"id":1836,"href":"https:\/\/www.iim.cz\/cs\/wp-json\/wp\/v2\/posts\/1834\/revisions\/1836"}],"wp:featuredmedia":[{"embeddable":true,"href":"https:\/\/www.iim.cz\/cs\/wp-json\/wp\/v2\/media\/1835"}],"wp:attachment":[{"href":"https:\/\/www.iim.cz\/cs\/wp-json\/wp\/v2\/media?parent=1834"}],"wp:term":[{"taxonomy":"category","embeddable":true,"href":"https:\/\/www.iim.cz\/cs\/wp-json\/wp\/v2\/categories?post=1834"},{"taxonomy":"post_tag","embeddable":true,"href":"https:\/\/www.iim.cz\/cs\/wp-json\/wp\/v2\/tags?post=1834"}],"curies":[{"name":"wp","href":"https:\/\/api.w.org\/{rel}","templated":true}]}}