{"id":1843,"date":"2022-02-11T14:54:57","date_gmt":"2022-02-11T13:54:57","guid":{"rendered":"https:\/\/www.iim.cz\/?p=1843"},"modified":"2022-02-11T15:18:44","modified_gmt":"2022-02-11T14:18:44","slug":"tz-beyond-the-gaming-principle-2022-user-at-work","status":"publish","type":"post","link":"https:\/\/www.iim.cz\/cs\/tz-beyond-the-gaming-principle-2022-user-at-work\/","title":{"rendered":"Beyond the Gaming Principle 2022 &#8211; User at Work"},"content":{"rendered":"<p><span style=\"font-weight: 400;\">17.2. od 10 hod se na Akademii v\u00fdtvarn\u00fdch um\u011bn\u00ed v Praze uskute\u010dn\u00ed prvn\u00ed ro\u010dn\u00edk konference <\/span><i><span style=\"font-weight: 400;\">Beyond the Gaming Principle<\/span><\/i><span style=\"font-weight: 400;\"> s podtitulem <\/span><i><span style=\"font-weight: 400;\">User at Work<\/span><\/i><span style=\"font-weight: 400;\"> organizovan\u00e1 kolektivem FRAG. V r\u00e1mci ud\u00e1losti se sejdou zaj\u00edmav\u00ed um\u011blci, teoretici a osobnosti nez\u00e1visl\u00e9 hern\u00ed sc\u00e9ny, aby diskutovali o sou\u010dasn\u00fdch politick\u00fdch a um\u011bleck\u00fdch v\u00fdzv\u00e1ch hern\u00edho sv\u011bta. Hlavn\u00edm c\u00edlem konference je nejen v\u00e9st dialog mezi um\u011bn\u00edm a hern\u00edm pr\u016fmyslem, ale tak\u00e9 poskytnou sd\u00edlen\u00fd prostor a zku\u0161enost jin\u00e9ho hran\u00ed a p\u0159em\u00fd\u0161len\u00ed o hr\u00e1ch.<\/span><\/p>\n<p>V\u00edce v ud\u00e1lostech \u010di na webov\u00e9 str\u00e1nce: https:\/\/beyondthegaming.avu.cz\/<\/p>\n<p>STREAM:<\/p>\n<p>https:\/\/www.youtube.com\/channel\/UCyhiGu3rJjSpVsJa0Mq6DPw<\/p>\n<p>&nbsp;<\/p>","protected":false},"excerpt":{"rendered":"<p>17.2. od 10 hod se na Akademii v\u00fdtvarn\u00fdch um\u011bn\u00ed v Praze uskute\u010dn\u00ed prvn\u00ed ro\u010dn\u00edk konference Beyond the Gaming Principle s podtitulem User at Work organizovan\u00e1 kolektivem FRAG. V r\u00e1mci ud\u00e1losti se sejdou zaj\u00edmav\u00ed um\u011blci, teoretici a osobnosti nez\u00e1visl\u00e9 hern\u00ed sc\u00e9ny, aby diskutovali o sou\u010dasn\u00fdch politick\u00fdch a um\u011bleck\u00fdch v\u00fdzv\u00e1ch hern\u00edho sv\u011bta. Hlavn\u00edm c\u00edlem konference je nejen [&hellip;]<\/p>\n","protected":false},"author":8,"featured_media":1840,"comment_status":"closed","ping_status":"open","sticky":false,"template":"","format":"standard","meta":{"footnotes":""},"categories":[1],"tags":[],"class_list":["post-1843","post","type-post","status-publish","format-standard","has-post-thumbnail","hentry","category-news"],"_links":{"self":[{"href":"https:\/\/www.iim.cz\/cs\/wp-json\/wp\/v2\/posts\/1843","targetHints":{"allow":["GET"]}}],"collection":[{"href":"https:\/\/www.iim.cz\/cs\/wp-json\/wp\/v2\/posts"}],"about":[{"href":"https:\/\/www.iim.cz\/cs\/wp-json\/wp\/v2\/types\/post"}],"author":[{"embeddable":true,"href":"https:\/\/www.iim.cz\/cs\/wp-json\/wp\/v2\/users\/8"}],"replies":[{"embeddable":true,"href":"https:\/\/www.iim.cz\/cs\/wp-json\/wp\/v2\/comments?post=1843"}],"version-history":[{"count":2,"href":"https:\/\/www.iim.cz\/cs\/wp-json\/wp\/v2\/posts\/1843\/revisions"}],"predecessor-version":[{"id":1845,"href":"https:\/\/www.iim.cz\/cs\/wp-json\/wp\/v2\/posts\/1843\/revisions\/1845"}],"wp:featuredmedia":[{"embeddable":true,"href":"https:\/\/www.iim.cz\/cs\/wp-json\/wp\/v2\/media\/1840"}],"wp:attachment":[{"href":"https:\/\/www.iim.cz\/cs\/wp-json\/wp\/v2\/media?parent=1843"}],"wp:term":[{"taxonomy":"category","embeddable":true,"href":"https:\/\/www.iim.cz\/cs\/wp-json\/wp\/v2\/categories?post=1843"},{"taxonomy":"post_tag","embeddable":true,"href":"https:\/\/www.iim.cz\/cs\/wp-json\/wp\/v2\/tags?post=1843"}],"curies":[{"name":"wp","href":"https:\/\/api.w.org\/{rel}","templated":true}]}}