{"id":1853,"date":"2022-03-21T21:18:39","date_gmt":"2022-03-21T20:18:39","guid":{"rendered":"https:\/\/www.iim.cz\/?p=1853"},"modified":"2022-03-21T21:18:39","modified_gmt":"2022-03-21T20:18:39","slug":"color-force-zaznam-predstaveni","status":"publish","type":"post","link":"https:\/\/www.iim.cz\/cs\/color-force-zaznam-predstaveni\/","title":{"rendered":"COLOR FORCE &#8211; z\u00e1znam p\u0159edstaven\u00ed"},"content":{"rendered":"<p>Na slavnostn\u00edm shrom\u00e1\u017ed\u011bn\u00ed Centra pokro\u010dil\u00fdch aplikovan\u00fdch p\u0159\u00edrodn\u00edch v\u011bd (CAAS \u2013 Centre of Advanced Applied Sciences) se v premi\u00e9\u0159e uvedlo v Divadle Archa tane\u010dn\u011b vizu\u00e1ln\u00edm p\u0159edstaven\u00ed s n\u00e1zvem Color Force. Produkce byla poctou kvantov\u00e9 fyzice a na\u0161e pracovi\u0161t\u011b se na t\u00e9to ud\u00e1losti m\u011blo \u010dest pod\u00edlet. <a href=\"https:\/\/www.youtube.com\/watch?v=zXogrVsIV-U\">Z\u00e1znam vystoupen\u00ed<\/a> je nyn\u00ed dostupn\u00fd i online. Stejn\u011b tak i <a href=\"https:\/\/www.youtube.com\/watch?v=97OO-P04788\">kr\u00e1tk\u00fd sest\u0159ih cel\u00e9ho odpoledne a ve\u010dera<\/a>.<\/p>","protected":false},"excerpt":{"rendered":"<p>Na slavnostn\u00edm shrom\u00e1\u017ed\u011bn\u00ed Centra pokro\u010dil\u00fdch aplikovan\u00fdch p\u0159\u00edrodn\u00edch v\u011bd (CAAS \u2013 Centre of Advanced Applied Sciences) se v premi\u00e9\u0159e uvedlo v Divadle Archa tane\u010dn\u011b vizu\u00e1ln\u00edm p\u0159edstaven\u00ed s n\u00e1zvem Color Force. Produkce byla poctou kvantov\u00e9 fyzice a na\u0161e pracovi\u0161t\u011b se na t\u00e9to ud\u00e1losti m\u011blo \u010dest pod\u00edlet. Z\u00e1znam vystoupen\u00ed je nyn\u00ed dostupn\u00fd i online. Stejn\u011b tak i kr\u00e1tk\u00fd [&hellip;]<\/p>\n","protected":false},"author":8,"featured_media":1854,"comment_status":"closed","ping_status":"open","sticky":false,"template":"","format":"standard","meta":{"footnotes":""},"categories":[1],"tags":[],"class_list":["post-1853","post","type-post","status-publish","format-standard","has-post-thumbnail","hentry","category-news"],"_links":{"self":[{"href":"https:\/\/www.iim.cz\/cs\/wp-json\/wp\/v2\/posts\/1853","targetHints":{"allow":["GET"]}}],"collection":[{"href":"https:\/\/www.iim.cz\/cs\/wp-json\/wp\/v2\/posts"}],"about":[{"href":"https:\/\/www.iim.cz\/cs\/wp-json\/wp\/v2\/types\/post"}],"author":[{"embeddable":true,"href":"https:\/\/www.iim.cz\/cs\/wp-json\/wp\/v2\/users\/8"}],"replies":[{"embeddable":true,"href":"https:\/\/www.iim.cz\/cs\/wp-json\/wp\/v2\/comments?post=1853"}],"version-history":[{"count":1,"href":"https:\/\/www.iim.cz\/cs\/wp-json\/wp\/v2\/posts\/1853\/revisions"}],"predecessor-version":[{"id":1855,"href":"https:\/\/www.iim.cz\/cs\/wp-json\/wp\/v2\/posts\/1853\/revisions\/1855"}],"wp:featuredmedia":[{"embeddable":true,"href":"https:\/\/www.iim.cz\/cs\/wp-json\/wp\/v2\/media\/1854"}],"wp:attachment":[{"href":"https:\/\/www.iim.cz\/cs\/wp-json\/wp\/v2\/media?parent=1853"}],"wp:term":[{"taxonomy":"category","embeddable":true,"href":"https:\/\/www.iim.cz\/cs\/wp-json\/wp\/v2\/categories?post=1853"},{"taxonomy":"post_tag","embeddable":true,"href":"https:\/\/www.iim.cz\/cs\/wp-json\/wp\/v2\/tags?post=1853"}],"curies":[{"name":"wp","href":"https:\/\/api.w.org\/{rel}","templated":true}]}}