{"id":1880,"date":"2022-05-05T14:32:08","date_gmt":"2022-05-05T13:32:08","guid":{"rendered":"https:\/\/www.iim.cz\/?p=1880"},"modified":"2022-05-16T13:40:20","modified_gmt":"2022-05-16T12:40:20","slug":"institut-intermedii-opened","status":"publish","type":"post","link":"https:\/\/www.iim.cz\/cs\/institut-intermedii-opened\/","title":{"rendered":"Institut Interm\u00e9di\u00ed OPENED"},"content":{"rendered":"<p><\/p>\n<h2><strong>Z\u00e1v\u011bre\u010dn\u00fd projekt student\u016f p\u0159edm\u011btu Intermedi\u00e1ln\u00ed Tvorba a Technologie 2021\/22<\/strong><\/h2>\n<p><strong>Pond\u011bl\u00ed 16.5.2022 <\/strong><br \/>\n<strong>V\u00fdstava 13:00 &#8211; 18:00<\/strong><br \/>\n<span style=\"text-decoration: underline;\"><strong>Vernis\u00e1\u017e od 16h<\/strong><\/span><\/p>\n<p><strong>Institut Interm\u00e9di\u00ed \u010cVUT, Technick\u00e1 2, Praha 6, 166 27<\/strong><\/p>\n<p>\u017dijeme v dob\u011b masivn\u00ed v\u00fdm\u011bny informac\u00ed. To je spojeno s intenzivn\u00ed komunikac\u00ed a extr\u00e9mn\u00edm zat\u00ed\u017een\u00edm lidsk\u00e9 mysli. P\u0159esto se, paradoxn\u011b, mnoho lid\u00ed pohybuj\u00edc\u00edch se uprost\u0159ed tohoto v\u00edru ocit\u00e1 v samot\u011b. B\u00fdt o samot\u011b ale nutn\u011b neznamen\u00e1 jen nep\u0159\u00edjemn\u00fd pro\u017eitek. M\u00e1 mnoho podob zl\u00fdch i dobr\u00fdch. Samota je i voln\u00e9 zad\u00e1n\u00ed t\u00e9matu projekt\u016f v spole\u010dn\u00e9m p\u0159edm\u011btu Intermedi\u00e1ln\u00ed tvorba a technologie nav\u0161t\u011bvovan\u00e9m studenty UMPRUM, FEL \u010cVUT, AMU, FIT \u010cVUT a \u010cZU v akademick\u00e9m roce 2021-22. Jejich mezioborov\u00e1 spolupr\u00e1ce na pomez\u00ed technick\u00fdch a um\u011bleck\u00fdch discipl\u00edn vedla ke spojen\u00ed r\u016fzn\u00fdch zp\u016fsob\u016f my\u0161len\u00ed, doposud pro n\u011b nezvykl\u00e9mu zp\u016fsobu komunikace k v\u00fdstup\u016fm, kter\u00e9 jsou prezentov\u00e1ny r\u00e1mci jednoho dne 16.5. 2022 v prostoru laborato\u0159e Institutu interm\u00e9di\u00ed p\u0159i FEL \u010cVUT, Technick\u00e1 2, Praha\u202f6.<\/p>\n<figure class=\"full-photo\"><img loading=\"lazy\" decoding=\"async\" class=\"aligncenter\" src=\"https:\/\/www.iim.cz\/wp-content\/uploads\/2022\/05\/final-05-scaled.jpg\" alt=\"Pozv\u00e1nka na IIM OPEN\" width=\"1020\" height=\"544\" \/><\/figure>\n<hr \/>\n<h3><strong>Apocalypsis Fama<\/strong><\/h3>\n<p>Instalace zprost\u0159edkov\u00e1v\u00e1 postapokalyptick\u00fd p\u0159\u00edb\u011bh o lidsk\u00e9 nenasytnosti a touze po neust\u00e1l\u00e9m exponenci\u00e1ln\u00edm r\u016fstu. Hlavn\u00edm motivem je p\u0159edstava o budoucnosti za horizontem lidstv\u00ed.<br \/>\nOd doby, kdy si humanoidi osvojili lidsk\u00e9 curriculum, se zapojili do v\u011bt\u0161iny dom\u00e1cnost\u00ed, soci\u00e1ln\u00edch struktur, n\u00e1rodn\u00edch a nadn\u00e1rodn\u00edch podnik\u016f. Na prahu 6. vym\u00edr\u00e1n\u00ed druh\u016f za\u010dli vn\u00edmat frustraci, ke kter\u00e9 do\u0161lo d\u00edky mnohalet\u00e9mu p\u0159ehl\u00ed\u017een\u00ed v\u011bdeck\u00fdch poznatk\u016f o klimatick\u00fdch zm\u011bn\u00e1ch ve prosp\u011bch ekonomick\u00e9ho r\u016fstu. Pozorovali kolaps spole\u010dnosti pod t\u00edhou environment\u00e1ln\u00edho \u017ealu a nakonec tu po n\u00e1s z\u016fstali jako ozv\u011bna.<br \/>\nJ\u00e1drem dystopick\u00e9ho narativu jsou poz\u016fstatky humanoida, kter\u00fd se po ztr\u00e1t\u011b sv\u00e9ho hlavn\u00edho \u00fa\u010delu, tedy slu\u017eb\u011b lidem, spou\u0161t\u00ed po spir\u00e1le existenci\u00e1ln\u00ed \u00fazkosti a\u017e ke smrti um\u011bl\u00e9 inteligence.<\/p>\n<p><strong>Tv\u016frci:<\/strong> Barbora Pavlasov\u00e1, Ond\u0159ej Vele (UMPRUM) \/ Alena \u017di\u017ekov\u00e1, Jakub Hlusi\u010dka (FEL)<\/p>\n<hr \/>\n<h3><strong>S\u00e1m s\u00e1m samotinkej same\u010dek<\/strong><\/h3>\n<p>Zvukov\u00e1 instalace inspirovan\u00e1 t\u00e9matem osam\u011blosti, samoty a jeho kontrasty, zalo\u017een\u00e1 na propojen\u00ed zvuku a pohybu div\u00e1ka v prostoru, kter\u00fd sv\u00fdm pohybem v prostoru vytv\u00e1\u0159\u00ed specifick\u00e9 zvukov\u00e9 atmosf\u00e9ry. Instalace m\u00e1 multi-v\u00fdstupov\u00fd sound-syst\u00e9m, kde jednotliv\u00e9 zdroje zvuku vn\u00edmaj\u00ed vzd\u00e1lenost\/bl\u00edzkost div\u00e1ka a \u00fam\u011brn\u011b k tomu m\u011bn\u00ed intenzitu zvuku.<br \/>\nN\u00e1v\u0161t\u011bvn\u00edka instalace vyb\u00edz\u00ed k st\u00e1le nov\u00e9mu objevov\u00e1n\u00ed zvukov\u00e9 krajiny, kter\u00e1 vytv\u00e1\u0159\u00ed p\u0159ekvapiv\u00e9 kombinace.<\/p>\n<p>Instalace zalo\u017een\u00e1 na propojen\u00ed zvuku a pohybu v prostoru. C\u00edlem je vytvo\u0159en\u00ed interaktivn\u00edho prostoru, kter\u00fd bude na div\u00e1ka reagovat a vyvol\u00e1 emocion\u00e1ln\u00ed atmosf\u00e9ru. Pracujeme s t\u00e9matem samoty a s kontrastem samoty a osam\u011blosti. Hlavn\u00ed atrakce instalace bude multi-v\u00fdstupov\u00fd sound-syst\u00e9m, kde jednotliv\u00e9 zdroje zvuku vn\u00edmaj\u00ed vzd\u00e1lenost\/bl\u00edzkost div\u00e1ka a \u00fam\u011brn\u011b k tomu m\u011bn\u00ed intenzitu. Mo\u017enosti ovl\u00e1dat ur\u010dit\u00e9 prost\u0159ed\u00ed p\u0159edch\u00e1z\u00ed pr\u016fzkum a objev. Po\u010d\u00edtej s t\u00edm, \u017ee nov\u00e1 zku\u0161enost je spojen\u00e1 s p\u0159ekvapen\u00edm a siln\u00fdm z\u00e1\u017eitkem. Na projektu spolupracujeme ve \u010dty\u0159\u010dlenn\u00e9m t\u00fdmu, kter\u00fd kombinuje um\u011blecko-technick\u00e9 sv\u011bty vysok\u00fdch \u0161kol FAMU a UMPRUM.<\/p>\n<p><strong>Tv\u016frci:<\/strong> Martin Pol\u00e1k (FAMU), Andrej Ku\u010dera (UMPRUM), Nikita Kartashev (FAMU), Albert Franti\u0161ek Buli\u010dka (UMPRUM)<\/p>\n<hr \/>\n<h3><strong>Telekonference s Klaaturianci<\/strong><\/h3>\n<p>P\u00ed\u0161e se rok 1986&#8230;<br \/>\nPozem\u0161\u0165an\u00e9 se poprv\u00e9 setkali s mimozemskou formou \u017eivota. Z povrchu na\u0161\u00ed planety jsme mohli spat\u0159it pouze obrovskou vesm\u00edrnou lo\u010f, ale kdo byl na jej\u00ed palub\u011b, z\u016fstalo do t\u00e9 doby z\u00e1hadou.<br \/>\nM\u00e9dia situaci prezentuj\u00ed jako mimozemskou invazi a katastrofu a sna\u017e\u00ed se mezi lidmi \u0161\u00ed\u0159it strach. Nen\u00ed to v\u0161ak nic jin\u00e9ho ne\u017e strach z nejistoty.<br \/>\nNev\u011b\u0159\u00edme m\u00e9di\u00edm a chceme \u010delit jin\u00e9 form\u011b \u017eivota a vyvodit vlastn\u00ed z\u00e1v\u011bry, jak s t\u011bmito tvory zach\u00e1zet.<br \/>\nUspo\u0159\u00e1dali jsme st\u00e1tem chr\u00e1n\u011bnou telekonferenci s mimozem\u0161\u0165any. Nyn\u00ed vy, div\u00e1ci, m\u00e1te jedine\u010dnou p\u0159\u00edle\u017eitost promluvit si s mimozemskou rasou.<\/p>\n<p><strong>Tv\u016frci:<\/strong> Herman Tiumentsev (FEL), Oleg Zabolotskikh (CZU)<\/p>\n<hr \/>\n<h3><strong>Hlavodron<\/strong><\/h3>\n<p>Prachov\u00fd pudr, star\u00e9 paruky, pozl\u00e1tko roztr\u017een\u00fdch pun\u010doch. Opera narazila na sv\u016fj strop. P\u0159ij\u010fte za\u017e\u00edt interaktivn\u00ed formu opery. <em>Hlavodron<\/em> je um\u011bleck\u00fd interaktivn\u00ed z\u00e1\u017eitek, kter\u00fd m\u00e1 mlad\u00e9 div\u00e1ky sbl\u00ed\u017eit s opern\u00edm um\u011bn\u00edm. Spojen\u00ed div\u00e1kovy imaginace je p\u0159eneseno v hudebn\u00ed z\u00e1\u017eitek a vid\u011bn\u00ed opery jin\u00fdma o\u010dima.<\/p>\n<p><strong>Tv\u016frci:<\/strong> Mat\u011bj Gargula (FEL), \u017dil Julie Vostalov\u00e1 (FAMU), Serafim Bankov (UMPRUM)<\/p>\n<hr \/>\n<p>!<img loading=\"lazy\" decoding=\"async\" class=\"aligncenter\" src=\"https:\/\/www.iim.cz\/wp-content\/uploads\/2022\/05\/final-07-scaled.jpg\" alt=\"Pozv\u00e1nka na IIM OPENED\" width=\"1020\" height=\"545\" \/><\/p>","protected":false},"excerpt":{"rendered":"<p>Z\u00e1v\u011bre\u010dn\u00fd projekt student\u016f p\u0159edm\u011btu Intermedi\u00e1ln\u00ed Tvorba a Technologie 2021\/22 Pond\u011bl\u00ed 16.5.2022 V\u00fdstava 13:00 &#8211; 18:00 Vernis\u00e1\u017e od 16h Institut Interm\u00e9di\u00ed \u010cVUT, Technick\u00e1 2, Praha 6, 166 27 \u017dijeme v dob\u011b masivn\u00ed v\u00fdm\u011bny informac\u00ed. To je spojeno s intenzivn\u00ed komunikac\u00ed a extr\u00e9mn\u00edm zat\u00ed\u017een\u00edm lidsk\u00e9 mysli. P\u0159esto se, paradoxn\u011b, mnoho lid\u00ed pohybuj\u00edc\u00edch se uprost\u0159ed tohoto v\u00edru ocit\u00e1 [&hellip;]<\/p>\n","protected":false},"author":11,"featured_media":1877,"comment_status":"closed","ping_status":"open","sticky":false,"template":"","format":"standard","meta":{"footnotes":""},"categories":[1],"tags":[],"class_list":["post-1880","post","type-post","status-publish","format-standard","has-post-thumbnail","hentry","category-news"],"_links":{"self":[{"href":"https:\/\/www.iim.cz\/cs\/wp-json\/wp\/v2\/posts\/1880","targetHints":{"allow":["GET"]}}],"collection":[{"href":"https:\/\/www.iim.cz\/cs\/wp-json\/wp\/v2\/posts"}],"about":[{"href":"https:\/\/www.iim.cz\/cs\/wp-json\/wp\/v2\/types\/post"}],"author":[{"embeddable":true,"href":"https:\/\/www.iim.cz\/cs\/wp-json\/wp\/v2\/users\/11"}],"replies":[{"embeddable":true,"href":"https:\/\/www.iim.cz\/cs\/wp-json\/wp\/v2\/comments?post=1880"}],"version-history":[{"count":3,"href":"https:\/\/www.iim.cz\/cs\/wp-json\/wp\/v2\/posts\/1880\/revisions"}],"predecessor-version":[{"id":1886,"href":"https:\/\/www.iim.cz\/cs\/wp-json\/wp\/v2\/posts\/1880\/revisions\/1886"}],"wp:featuredmedia":[{"embeddable":true,"href":"https:\/\/www.iim.cz\/cs\/wp-json\/wp\/v2\/media\/1877"}],"wp:attachment":[{"href":"https:\/\/www.iim.cz\/cs\/wp-json\/wp\/v2\/media?parent=1880"}],"wp:term":[{"taxonomy":"category","embeddable":true,"href":"https:\/\/www.iim.cz\/cs\/wp-json\/wp\/v2\/categories?post=1880"},{"taxonomy":"post_tag","embeddable":true,"href":"https:\/\/www.iim.cz\/cs\/wp-json\/wp\/v2\/tags?post=1880"}],"curies":[{"name":"wp","href":"https:\/\/api.w.org\/{rel}","templated":true}]}}