{"id":1895,"date":"2022-06-17T15:45:18","date_gmt":"2022-06-17T14:45:18","guid":{"rendered":"https:\/\/www.iim.cz\/?p=1895"},"modified":"2022-06-17T15:45:18","modified_gmt":"2022-06-17T14:45:18","slug":"instalace-surfing","status":"publish","type":"post","link":"https:\/\/www.iim.cz\/cs\/instalace-surfing\/","title":{"rendered":"Instalace Surfing"},"content":{"rendered":"<p><\/p>\n<h2><strong>Multimedi\u00e1ln\u00ed instalace s p\u011bti projekcemi<\/strong><\/h2>\n<table>\n<tbody>\n<tr>\n<td colspan=\"2\">&nbsp;<\/p>\n<p style=\"text-align: center;\">V r\u00e1mci v\u00fdstavy <a href=\"https:\/\/www.gask.cz\/cs\/vystavy\/kamila-b-richter-ultima-culpa\">Ultima Culpa<\/a> (Kamila B. Richter) prezentovan\u00e9 Galeri\u00ed st\u0159edo\u010desk\u00e9ho kraje v Kutn\u00e9 Ho\u0159e jsme v realizovali projek\u010dn\u00ed instalaci Surfing. Instalace v experiment\u00e1ln\u00edm prostoru jezuitsk\u00e9 l\u00e1zn\u011b vyu\u017e\u00edv\u00e1 efekt\u016f deformac\u00ed na klenut\u00e9m strop\u011b a pracuje se sklem tvo\u0159\u00edc\u00edm podlahu nad baz\u00e9nem.<\/p>\n<p>&nbsp;<\/td>\n<\/tr>\n<tr>\n<td colspan=\"2\"><img loading=\"lazy\" decoding=\"async\" class=\"aligncenter\" src=\"https:\/\/www.iim.cz\/wp-content\/uploads\/2022\/06\/IMG_20220616_154914_HHT.jpg\" width=\"1120\" height=\"630\" \/><\/td>\n<\/tr>\n<tr>\n<td><img loading=\"lazy\" decoding=\"async\" class=\"alignleft\" src=\"https:\/\/www.iim.cz\/wp-content\/uploads\/2022\/06\/IMG_20220616_161558_HHT.jpg\" width=\"560\" height=\"990\" \/><\/td>\n<td><img loading=\"lazy\" decoding=\"async\" class=\"aligncenter\" src=\"https:\/\/www.iim.cz\/wp-content\/uploads\/2022\/06\/IMG_20220616_123234.jpg\" width=\"560\" height=\"990\" \/><\/td>\n<\/tr>\n<\/tbody>\n<\/table>\n<p><!--more--><\/p>\n<h1 id=\"page-title\" class=\"page__title title\"><strong> <\/strong><\/h1>\n<p><\/p>","protected":false},"excerpt":{"rendered":"<p>Multimedi\u00e1ln\u00ed instalace s p\u011bti projekcemi &nbsp; V r\u00e1mci v\u00fdstavy Ultima Culpa (Kamila B. Richter) prezentovan\u00e9 Galeri\u00ed st\u0159edo\u010desk\u00e9ho kraje v Kutn\u00e9 Ho\u0159e jsme v realizovali projek\u010dn\u00ed instalaci Surfing. Instalace v experiment\u00e1ln\u00edm prostoru jezuitsk\u00e9 l\u00e1zn\u011b vyu\u017e\u00edv\u00e1 efekt\u016f deformac\u00ed na klenut\u00e9m strop\u011b a pracuje se sklem tvo\u0159\u00edc\u00edm podlahu nad baz\u00e9nem. &nbsp;<\/p>\n","protected":false},"author":11,"featured_media":1890,"comment_status":"closed","ping_status":"open","sticky":false,"template":"","format":"standard","meta":{"footnotes":""},"categories":[1],"tags":[],"class_list":["post-1895","post","type-post","status-publish","format-standard","has-post-thumbnail","hentry","category-news"],"_links":{"self":[{"href":"https:\/\/www.iim.cz\/cs\/wp-json\/wp\/v2\/posts\/1895","targetHints":{"allow":["GET"]}}],"collection":[{"href":"https:\/\/www.iim.cz\/cs\/wp-json\/wp\/v2\/posts"}],"about":[{"href":"https:\/\/www.iim.cz\/cs\/wp-json\/wp\/v2\/types\/post"}],"author":[{"embeddable":true,"href":"https:\/\/www.iim.cz\/cs\/wp-json\/wp\/v2\/users\/11"}],"replies":[{"embeddable":true,"href":"https:\/\/www.iim.cz\/cs\/wp-json\/wp\/v2\/comments?post=1895"}],"version-history":[{"count":2,"href":"https:\/\/www.iim.cz\/cs\/wp-json\/wp\/v2\/posts\/1895\/revisions"}],"predecessor-version":[{"id":1897,"href":"https:\/\/www.iim.cz\/cs\/wp-json\/wp\/v2\/posts\/1895\/revisions\/1897"}],"wp:featuredmedia":[{"embeddable":true,"href":"https:\/\/www.iim.cz\/cs\/wp-json\/wp\/v2\/media\/1890"}],"wp:attachment":[{"href":"https:\/\/www.iim.cz\/cs\/wp-json\/wp\/v2\/media?parent=1895"}],"wp:term":[{"taxonomy":"category","embeddable":true,"href":"https:\/\/www.iim.cz\/cs\/wp-json\/wp\/v2\/categories?post=1895"},{"taxonomy":"post_tag","embeddable":true,"href":"https:\/\/www.iim.cz\/cs\/wp-json\/wp\/v2\/tags?post=1895"}],"curies":[{"name":"wp","href":"https:\/\/api.w.org\/{rel}","templated":true}]}}