{"id":1386,"date":"2017-10-26T10:02:20","date_gmt":"2017-10-26T09:02:20","guid":{"rendered":"https:\/\/www.iim.cz\/?p=1386"},"modified":"2017-10-26T10:02:20","modified_gmt":"2017-10-26T09:02:20","slug":"fotografie-z-workshopu-zvuk-svetlo-video","status":"publish","type":"post","link":"https:\/\/www.iim.cz\/en\/fotografie-z-workshopu-zvuk-svetlo-video\/","title":{"rendered":"(\u010ce\u0161tina) Fotografie z workshopu: zvuk, sv\u011btlo, video"},"content":{"rendered":"<p>&nbsp;<\/p>\n<p class=\"fade\">\n<p><\/p>","protected":false},"excerpt":{"rendered":"<p>&nbsp;<\/p>\n","protected":false},"author":7,"featured_media":1387,"comment_status":"closed","ping_status":"open","sticky":false,"template":"","format":"standard","meta":{"footnotes":""},"categories":[1,11],"tags":[],"class_list":["post-1386","post","type-post","status-publish","format-standard","has-post-thumbnail","hentry","category-news","category-projects"],"_links":{"self":[{"href":"https:\/\/www.iim.cz\/en\/wp-json\/wp\/v2\/posts\/1386","targetHints":{"allow":["GET"]}}],"collection":[{"href":"https:\/\/www.iim.cz\/en\/wp-json\/wp\/v2\/posts"}],"about":[{"href":"https:\/\/www.iim.cz\/en\/wp-json\/wp\/v2\/types\/post"}],"author":[{"embeddable":true,"href":"https:\/\/www.iim.cz\/en\/wp-json\/wp\/v2\/users\/7"}],"replies":[{"embeddable":true,"href":"https:\/\/www.iim.cz\/en\/wp-json\/wp\/v2\/comments?post=1386"}],"version-history":[{"count":1,"href":"https:\/\/www.iim.cz\/en\/wp-json\/wp\/v2\/posts\/1386\/revisions"}],"predecessor-version":[{"id":1388,"href":"https:\/\/www.iim.cz\/en\/wp-json\/wp\/v2\/posts\/1386\/revisions\/1388"}],"wp:featuredmedia":[{"embeddable":true,"href":"https:\/\/www.iim.cz\/en\/wp-json\/wp\/v2\/media\/1387"}],"wp:attachment":[{"href":"https:\/\/www.iim.cz\/en\/wp-json\/wp\/v2\/media?parent=1386"}],"wp:term":[{"taxonomy":"category","embeddable":true,"href":"https:\/\/www.iim.cz\/en\/wp-json\/wp\/v2\/categories?post=1386"},{"taxonomy":"post_tag","embeddable":true,"href":"https:\/\/www.iim.cz\/en\/wp-json\/wp\/v2\/tags?post=1386"}],"curies":[{"name":"wp","href":"https:\/\/api.w.org\/{rel}","templated":true}]}}