{"id":1588,"date":"2019-05-23T12:09:54","date_gmt":"2019-05-23T11:09:54","guid":{"rendered":"https:\/\/www.iim.cz\/?p=1588"},"modified":"2019-05-23T14:30:12","modified_gmt":"2019-05-23T13:30:12","slug":"english-institut-intermedii-na-konferenci-archiving-2019-v-lisabonu","status":"publish","type":"post","link":"https:\/\/www.iim.cz\/en\/english-institut-intermedii-na-konferenci-archiving-2019-v-lisabonu\/","title":{"rendered":"Institute of intermedia presented in Conference Archiving 2019 in Lisbon"},"content":{"rendered":"<p>Head of Institute of Intermedia Roman Berka a Bohu\u0161 Z\u00edskal presented in <a href=\"https:\/\/www.imaging.org\/site\/IST\/IST\/Conferences\/Archiving\/Archiving_Home.aspx\">Archiving<\/a> in Lisbon\u00a0 their contribution &#8220;Tools for Presenting Multimedia Performance Documentation Using 3D Visualisations&#8221;. On this project also collaborated Zden\u011bk Tr\u00e1vn\u00ed\u010dek from IIM.<\/p>\n<p>&nbsp;<\/p>\n<p>&nbsp;<\/p>","protected":false},"excerpt":{"rendered":"<p>Head of Institute of Intermedia Roman Berka a Bohu\u0161 Z\u00edskal presented in Archiving in Lisbon\u00a0 their contribution &#8220;Tools for Presenting Multimedia Performance Documentation Using 3D Visualisations&#8221;. On this project also collaborated Zden\u011bk Tr\u00e1vn\u00ed\u010dek from IIM. &nbsp; &nbsp;<\/p>\n","protected":false},"author":9,"featured_media":1590,"comment_status":"closed","ping_status":"open","sticky":false,"template":"","format":"standard","meta":{"footnotes":""},"categories":[1],"tags":[],"class_list":["post-1588","post","type-post","status-publish","format-standard","has-post-thumbnail","hentry","category-news"],"_links":{"self":[{"href":"https:\/\/www.iim.cz\/en\/wp-json\/wp\/v2\/posts\/1588","targetHints":{"allow":["GET"]}}],"collection":[{"href":"https:\/\/www.iim.cz\/en\/wp-json\/wp\/v2\/posts"}],"about":[{"href":"https:\/\/www.iim.cz\/en\/wp-json\/wp\/v2\/types\/post"}],"author":[{"embeddable":true,"href":"https:\/\/www.iim.cz\/en\/wp-json\/wp\/v2\/users\/9"}],"replies":[{"embeddable":true,"href":"https:\/\/www.iim.cz\/en\/wp-json\/wp\/v2\/comments?post=1588"}],"version-history":[{"count":4,"href":"https:\/\/www.iim.cz\/en\/wp-json\/wp\/v2\/posts\/1588\/revisions"}],"predecessor-version":[{"id":1594,"href":"https:\/\/www.iim.cz\/en\/wp-json\/wp\/v2\/posts\/1588\/revisions\/1594"}],"wp:featuredmedia":[{"embeddable":true,"href":"https:\/\/www.iim.cz\/en\/wp-json\/wp\/v2\/media\/1590"}],"wp:attachment":[{"href":"https:\/\/www.iim.cz\/en\/wp-json\/wp\/v2\/media?parent=1588"}],"wp:term":[{"taxonomy":"category","embeddable":true,"href":"https:\/\/www.iim.cz\/en\/wp-json\/wp\/v2\/categories?post=1588"},{"taxonomy":"post_tag","embeddable":true,"href":"https:\/\/www.iim.cz\/en\/wp-json\/wp\/v2\/tags?post=1588"}],"curies":[{"name":"wp","href":"https:\/\/api.w.org\/{rel}","templated":true}]}}