{"id":1599,"date":"2019-06-06T09:51:56","date_gmt":"2019-06-06T08:51:56","guid":{"rendered":"https:\/\/www.iim.cz\/?p=1599"},"modified":"2019-06-06T09:51:56","modified_gmt":"2019-06-06T08:51:56","slug":"institut-predstavi-na-felfestu-laternu-magiku","status":"publish","type":"post","link":"https:\/\/www.iim.cz\/en\/institut-predstavi-na-felfestu-laternu-magiku\/","title":{"rendered":"Institut p\u0159edstav\u00ed na FELfestu Laternu magiku"},"content":{"rendered":"<p>Institut interm\u00e9di\u00ed na FELFESTu 2019 p\u0159edstav\u00ed uk\u00e1zky z projektu <strong>Laterna magika. Historie a sou\u010dasnost, dokumentace, uchov\u00e1n\u00ed a zp\u0159\u00edstupn\u011bn\u00ed, <\/strong>na kter\u00e9m spolupracuje s N\u00e1rodn\u00edm filmov\u00fdm archivem, sdru\u017een\u00edm CESNET a Laternou magikou.<\/p>\n<p>C\u00edlem projektu je zachr\u00e1nit a zdokumentovat z\u00e1znamy p\u0159edstaven\u00ed prvn\u00edho multimedi\u00e1ln\u00edho divadla na sv\u011bt\u011b, kter\u00fdm Laterna magika je. Sou\u010d\u00e1st\u00ed dokumentace je i 3D rekonstrukce vybran\u00fdch \u010d\u00e1st\u00ed p\u0159edstaven\u00ed, kter\u00e1 se vyzna\u010duj\u00ed tane\u010dn\u00edmi prvky kombinovan\u00fdmi s mnoha projekcemi, s nimi\u017e tane\u010dn\u00edci interaguj\u00ed.<\/p>\n<p>Uk\u00e1zka spo\u010d\u00edv\u00e1 v prezentaci 3D rekonstrukce \u010d\u00e1sti tane\u010dn\u00edho \u010d\u00edsla H\u00e1danky v prost\u0159ed\u00ed virtu\u00e1ln\u00ed reality. Ve sc\u00e9n\u011b je pou\u017eito z\u00e1znamu pohybu tane\u010dn\u00edk\u016f po\u0159\u00edzen\u00e9 optick\u00fdm syst\u00e9mem pro sn\u00edm\u00e1n\u00ed pohybu (MOtion CAPture &#8211; MOCAP).<\/p>\n<p><a href=\"http:\/\/laterna-research.cz\/\">Ofici\u00e1ln\u00ed str\u00e1nka projektu<\/a><\/p>\n","protected":false},"excerpt":{"rendered":"<p>Institut interm\u00e9di\u00ed na FELFESTu 2019 p\u0159edstav\u00ed uk\u00e1zky z projektu Laterna magika. Historie a sou\u010dasnost, dokumentace, uchov\u00e1n\u00ed a zp\u0159\u00edstupn\u011bn\u00ed, na kter\u00e9m spolupracuje s N\u00e1rodn\u00edm filmov\u00fdm archivem, sdru\u017een\u00edm CESNET a Laternou magikou. C\u00edlem projektu je zachr\u00e1nit a zdokumentovat z\u00e1znamy p\u0159edstaven\u00ed prvn\u00edho multimedi\u00e1ln\u00edho divadla na sv\u011bt\u011b, kter\u00fdm Laterna magika je. Sou\u010d\u00e1st\u00ed dokumentace je i 3D rekonstrukce vybran\u00fdch \u010d\u00e1st\u00ed [&hellip;]<\/p>\n","protected":false},"author":9,"featured_media":1534,"comment_status":"closed","ping_status":"open","sticky":false,"template":"","format":"standard","meta":{"footnotes":""},"categories":[1],"tags":[],"class_list":["post-1599","post","type-post","status-publish","format-standard","has-post-thumbnail","hentry","category-news"],"_links":{"self":[{"href":"https:\/\/www.iim.cz\/en\/wp-json\/wp\/v2\/posts\/1599","targetHints":{"allow":["GET"]}}],"collection":[{"href":"https:\/\/www.iim.cz\/en\/wp-json\/wp\/v2\/posts"}],"about":[{"href":"https:\/\/www.iim.cz\/en\/wp-json\/wp\/v2\/types\/post"}],"author":[{"embeddable":true,"href":"https:\/\/www.iim.cz\/en\/wp-json\/wp\/v2\/users\/9"}],"replies":[{"embeddable":true,"href":"https:\/\/www.iim.cz\/en\/wp-json\/wp\/v2\/comments?post=1599"}],"version-history":[{"count":1,"href":"https:\/\/www.iim.cz\/en\/wp-json\/wp\/v2\/posts\/1599\/revisions"}],"predecessor-version":[{"id":1600,"href":"https:\/\/www.iim.cz\/en\/wp-json\/wp\/v2\/posts\/1599\/revisions\/1600"}],"wp:featuredmedia":[{"embeddable":true,"href":"https:\/\/www.iim.cz\/en\/wp-json\/wp\/v2\/media\/1534"}],"wp:attachment":[{"href":"https:\/\/www.iim.cz\/en\/wp-json\/wp\/v2\/media?parent=1599"}],"wp:term":[{"taxonomy":"category","embeddable":true,"href":"https:\/\/www.iim.cz\/en\/wp-json\/wp\/v2\/categories?post=1599"},{"taxonomy":"post_tag","embeddable":true,"href":"https:\/\/www.iim.cz\/en\/wp-json\/wp\/v2\/tags?post=1599"}],"curies":[{"name":"wp","href":"https:\/\/api.w.org\/{rel}","templated":true}]}}